{"id":72401,"date":"2025-07-04T13:29:45","date_gmt":"2025-07-04T13:29:45","guid":{"rendered":"https:\/\/www.latempete.info\/?p=72401"},"modified":"2025-07-04T13:29:47","modified_gmt":"2025-07-04T13:29:47","slug":"la-societe-civile-locale-tire-la-sonnette-dalarme-joseph-kabila-accuse-de-preparer-la-chute-de-walikale","status":"publish","type":"post","link":"https:\/\/www.latempete.info\/?p=72401","title":{"rendered":"La soci\u00e9t\u00e9 civile locale tire la sonnette d&rsquo;alarme :Joseph Kabila accus\u00e9 de pr\u00e9parer la chute de Walikale"},"content":{"rendered":"\n<p>Par LM<\/p>\n\n\n\n<p>La coordination de la soci\u00e9t\u00e9 civile forces vives de la RDC\/ territoire de Walikale, province du Nord-Kivu, d\u00e9nonce un \u00ab\u00a0plan machiav\u00e9lique\u00a0\u00bb entretenu par Joseph Kabila. D&rsquo;apr\u00e8s cette organisation, l&rsquo;ancien pr\u00e9sident de la R\u00e9publique et ses collaborateurs du FCC pr\u00e9pareraient la chute de Walikale au profit des rebelles de l&rsquo;AFC\/M23. Ce qui pourrait ouvrir la voie aux hommes de Corneille Nangaa pour Kisangani.<\/p>\n\n\n\n<p>Dans une lettre n\u00ba006\/SCFV-RDC\/NK\/COORD-T-W\/2025, rendue publique hier jeudi 3 juillet 2025, cette structure a d\u00e9montr\u00e9 le fondement de ses suspicions par une \u00e9quipe de sensibilisateurs de l&rsquo;AFC-M23. \u00ab\u00a0Pour le moment, nous sommes entrain d&rsquo;enregistrer, identifier et documenter correctement ceux-l\u00e0 qui sont dans la man\u0153uvre d&rsquo;ouvrir et de chercher le couloir \u00e0 l&rsquo;ennemi pour qu&rsquo;il s&rsquo;accapare du territoire de Walikale en faisant des sensibilisations et en cherchant \u00e0 diviser des leaders communautaires\u00a0\u00bb, a \u00e9crit Misona Tabashile Fiston, pr\u00e9sident de la Scfv.<\/p>\n\n\n\n<p>A travers cette communication, la Scfv explique de nombreuses strat\u00e9gies mises en place par certains leaders des partis politiques au niveau provincial. Il appelle le service de s\u00e9curit\u00e9 et de la d\u00e9fense au niveau national \u00e0 surveiller ces partis favorables \u00e0 la chute de Walikale et \u00e0 l&rsquo;ouverture de la voie Lubutu-Kisangani. \u00ab\u00a0C&rsquo;est pourquoi, nous, soci\u00e9t\u00e9 civile forces vives dans le territoire de Walikale, mettons en garde les sensibilisateurs du M23 qui sont d\u00e9j\u00e0 visibles dans le plan de faire tomber la zone. Nous appelons \u00e0 la prudence et \u00e0 la vigilance pour dire non \u00e0 ce plan diabolique, tout en restant du bon c\u00f4t\u00e9 de l&rsquo;histoire\u00a0\u00bb, peut-on lire dans la lettre. \u00ab\u00a0Les membres des communaut\u00e9s de Walikale sont appel\u00e9s \u00e0 barrer la route et d\u00e9noncer tout cas suspect dans leurs groupes des r\u00e9seaux sociaux\u00a0\u00bb, ajoute la soci\u00e9t\u00e9 civile \u00e0 Walikale.<\/p>\n","protected":false},"excerpt":{"rendered":"<p>Par LM La coordination de la soci\u00e9t\u00e9 civile forces vives de la RDC\/ territoire de Walikale, province du Nord-Kivu, d\u00e9nonce un \u00ab\u00a0plan machiav\u00e9lique\u00a0\u00bb entretenu par Joseph Kabila. D&rsquo;apr\u00e8s cette organisation, l&rsquo;ancien pr\u00e9sident de la R\u00e9publique et ses collaborateurs du FCC pr\u00e9pareraient la chute de Walikale au profit des rebelles de l&rsquo;AFC\/M23. Ce qui pourrait ouvrir [&hellip;]<\/p>\n","protected":false},"author":1,"featured_media":72402,"comment_status":"closed","ping_status":"closed","sticky":false,"template":"","format":"standard","meta":{"footnotes":""},"categories":[134,130,5,25],"tags":[],"class_list":["post-72401","post","type-post","status-publish","format-standard","has-post-thumbnail","hentry","category-la-tempete-des-tropiques","category-nation","category-politique","category-province"],"_links":{"self":[{"href":"https:\/\/www.latempete.info\/index.php?rest_route=\/wp\/v2\/posts\/72401"}],"collection":[{"href":"https:\/\/www.latempete.info\/index.php?rest_route=\/wp\/v2\/posts"}],"about":[{"href":"https:\/\/www.latempete.info\/index.php?rest_route=\/wp\/v2\/types\/post"}],"author":[{"embeddable":true,"href":"https:\/\/www.latempete.info\/index.php?rest_route=\/wp\/v2\/users\/1"}],"replies":[{"embeddable":true,"href":"https:\/\/www.latempete.info\/index.php?rest_route=%2Fwp%2Fv2%2Fcomments&post=72401"}],"version-history":[{"count":1,"href":"https:\/\/www.latempete.info\/index.php?rest_route=\/wp\/v2\/posts\/72401\/revisions"}],"predecessor-version":[{"id":72403,"href":"https:\/\/www.latempete.info\/index.php?rest_route=\/wp\/v2\/posts\/72401\/revisions\/72403"}],"wp:featuredmedia":[{"embeddable":true,"href":"https:\/\/www.latempete.info\/index.php?rest_route=\/wp\/v2\/media\/72402"}],"wp:attachment":[{"href":"https:\/\/www.latempete.info\/index.php?rest_route=%2Fwp%2Fv2%2Fmedia&parent=72401"}],"wp:term":[{"taxonomy":"category","embeddable":true,"href":"https:\/\/www.latempete.info\/index.php?rest_route=%2Fwp%2Fv2%2Fcategories&post=72401"},{"taxonomy":"post_tag","embeddable":true,"href":"https:\/\/www.latempete.info\/index.php?rest_route=%2Fwp%2Fv2%2Ftags&post=72401"}],"curies":[{"name":"wp","href":"https:\/\/api.w.org\/{rel}","templated":true}]}}