{"id":72408,"date":"2025-07-04T13:39:17","date_gmt":"2025-07-04T13:39:17","guid":{"rendered":"https:\/\/www.latempete.info\/?p=72408"},"modified":"2025-07-04T13:39:19","modified_gmt":"2025-07-04T13:39:19","slug":"assemblee-provinciale-du-sud-ubangi-une-crise-politique-mine-la-session-de-mars-qui-se-cloture-sans-avoir-atteint-ses-objectifs","status":"publish","type":"post","link":"https:\/\/www.latempete.info\/?p=72408","title":{"rendered":"Assembl\u00e9e provinciale du Sud-Ubangi : une crise politique mine la session de mars qui se cl\u00f4ture sans avoir atteint ses objectifs"},"content":{"rendered":"\n<p>Par LM<\/p>\n\n\n\n<p>La session ordinaire de mars 2025 de l&rsquo;Assembl\u00e9e provinciale du Sud-Ubangi a \u00e9t\u00e9 cl\u00f4tur\u00e9e le 1er juillet \u00e0 Gemena, sans accomplissement des missions pr\u00e9vues. La c\u00e9r\u00e9monie s&rsquo;est d\u00e9roul\u00e9e sans solennit\u00e9, en raison de la situation s\u00e9curitaire tendue et d&rsquo;une profonde crise politique au sein de l&rsquo;organe d\u00e9lib\u00e9rant. Dans un entretien accord\u00e9 \u00e0 la presse mercredi 2 juillet 2025, le vice-pr\u00e9sident de cette institution, Papy Malumba Ndoko, a expliqu\u00e9 que la cl\u00f4ture a \u00e9t\u00e9 report\u00e9e au 1er juillet, le 29 juin tombant un dimanche. Il a pr\u00e9cis\u00e9 que la session, principalement consacr\u00e9e au contr\u00f4le parlementaire, n&rsquo;a pas r\u00e9colt\u00e9 des r\u00e9sultats escompt\u00e9s \u00e0 cause de l&rsquo;ing\u00e9rence de l&rsquo;ex\u00e9cutif provincial dans le fonctionnement de l&rsquo;Assembl\u00e9e.<\/p>\n\n\n\n<p>La crise actuelle remonte \u00e0 la pl\u00e9ni\u00e8re du 22 avril 2025, lors de laquelle le d\u00e9put\u00e9 Malachie Adugbia a \u00e9t\u00e9 \u00e9lu pr\u00e9sident, apr\u00e8s la d\u00e9mission de son pr\u00e9d\u00e9cesseur Martinien Ngabdakwoe, d\u00e9pos\u00e9e le 15 janvier 2025. Il convient de rappeler que le vice-premier ministre de l&rsquo;Int\u00e9rieur, Jacquemain Shabani Lukoo, avait suspendu les activit\u00e9s de l&rsquo;Assembl\u00e9e provinciale en raison des tensions et des d\u00e9sordres provoqu\u00e9s par les d\u00e9put\u00e9s eux-m\u00eames. Sa r\u00e9ouverture est intervenue vers la fin du mois de juin. En l&rsquo;absence du nouveau pr\u00e9sident retenu \u00e0 Kinshasa, le vice-pr\u00e9sident a re\u00e7u l&rsquo;autorisation de cl\u00f4turer la session.<\/p>\n","protected":false},"excerpt":{"rendered":"<p>Par LM La session ordinaire de mars 2025 de l&rsquo;Assembl\u00e9e provinciale du Sud-Ubangi a \u00e9t\u00e9 cl\u00f4tur\u00e9e le 1er juillet \u00e0 Gemena, sans accomplissement des missions pr\u00e9vues. La c\u00e9r\u00e9monie s&rsquo;est d\u00e9roul\u00e9e sans solennit\u00e9, en raison de la situation s\u00e9curitaire tendue et d&rsquo;une profonde crise politique au sein de l&rsquo;organe d\u00e9lib\u00e9rant. Dans un entretien accord\u00e9 \u00e0 la [&hellip;]<\/p>\n","protected":false},"author":1,"featured_media":72409,"comment_status":"closed","ping_status":"closed","sticky":false,"template":"","format":"standard","meta":{"footnotes":""},"categories":[134,130,5],"tags":[],"class_list":["post-72408","post","type-post","status-publish","format-standard","has-post-thumbnail","hentry","category-la-tempete-des-tropiques","category-nation","category-politique"],"_links":{"self":[{"href":"https:\/\/www.latempete.info\/index.php?rest_route=\/wp\/v2\/posts\/72408"}],"collection":[{"href":"https:\/\/www.latempete.info\/index.php?rest_route=\/wp\/v2\/posts"}],"about":[{"href":"https:\/\/www.latempete.info\/index.php?rest_route=\/wp\/v2\/types\/post"}],"author":[{"embeddable":true,"href":"https:\/\/www.latempete.info\/index.php?rest_route=\/wp\/v2\/users\/1"}],"replies":[{"embeddable":true,"href":"https:\/\/www.latempete.info\/index.php?rest_route=%2Fwp%2Fv2%2Fcomments&post=72408"}],"version-history":[{"count":1,"href":"https:\/\/www.latempete.info\/index.php?rest_route=\/wp\/v2\/posts\/72408\/revisions"}],"predecessor-version":[{"id":72410,"href":"https:\/\/www.latempete.info\/index.php?rest_route=\/wp\/v2\/posts\/72408\/revisions\/72410"}],"wp:featuredmedia":[{"embeddable":true,"href":"https:\/\/www.latempete.info\/index.php?rest_route=\/wp\/v2\/media\/72409"}],"wp:attachment":[{"href":"https:\/\/www.latempete.info\/index.php?rest_route=%2Fwp%2Fv2%2Fmedia&parent=72408"}],"wp:term":[{"taxonomy":"category","embeddable":true,"href":"https:\/\/www.latempete.info\/index.php?rest_route=%2Fwp%2Fv2%2Fcategories&post=72408"},{"taxonomy":"post_tag","embeddable":true,"href":"https:\/\/www.latempete.info\/index.php?rest_route=%2Fwp%2Fv2%2Ftags&post=72408"}],"curies":[{"name":"wp","href":"https:\/\/api.w.org\/{rel}","templated":true}]}}