{"id":72664,"date":"2025-07-21T08:00:29","date_gmt":"2025-07-21T08:00:29","guid":{"rendered":"https:\/\/www.latempete.info\/?p=72664"},"modified":"2025-07-21T08:00:30","modified_gmt":"2025-07-21T08:00:30","slug":"fmmt-lidentite-culturelle-congolaise-mise-en-valeur","status":"publish","type":"post","link":"https:\/\/www.latempete.info\/?p=72664","title":{"rendered":"FMMT: l&rsquo;identit\u00e9 culturelle congolaise mise en valeur"},"content":{"rendered":"\n<p>Par Carroll Madiya<\/p>\n\n\n\n<p>Apr\u00e8s trois jours de musique et de c\u00e9l\u00e9bration culturelle, le 1er Festival Mondial de la Musique et du Tourisme (FMMT) s&rsquo;est cl\u00f4tur\u00e9 en beaut\u00e9, le Vendredi 18 Juillet 2025, \u00e0 Kinshasa. Deux grands sites ont accueilli la cl\u00f4ture de l&rsquo;\u00e9v\u00e9nement : l&rsquo;Esplanade du Palais du Peuple et l&rsquo;\u00c9changeur de Limete. Pour marquer cette derni\u00e8re soir\u00e9e, plusieurs grandes figures de la musique congolaise \u00e9taient \u00e0 l&rsquo;affiche. Koffi Olomide, H\u00e9ritier Watanabe, Sam Mangwana et Ren\u00e9 Soso Pembe ont offert des prestations tr\u00e8s appr\u00e9ci\u00e9es par le public venu nombreux.<\/p>\n\n\n\n<p>Plus de 30 pays et l&rsquo;ONU tourisme ont marqu\u00e9 leur pr\u00e9sence dans la capitale congolaise pour cette c\u00e9l\u00e9bration unique qui a r\u00e9ussi \u00e0 mettre en valeur la richesse musicale congolaise. Le FMMT a ainsi rempli sa mission : promouvoir la musique congolaise et encourager le tourisme culturel. Concernant le festival mondial de la musique et du tourisme, il faut noter que le premier spectacle inaugural a \u00e9t\u00e9 livr\u00e9 \u00e0 l&rsquo;Esplanade du Palais du peuple, avec la prestation du chanteur Faustin Nsimba mieux connu sous le nom de Fally Ipupa, devant de milliers de spectateurs kinois venus \u00e0 cette festivit\u00e9. \u00a0\u00bb Je suis heureux de prester \u00e0 cette premi\u00e8re journ\u00e9e du Festival mondial. Je pense que vous \u00eates aussi contents pour cette initiative dont l&rsquo;un des objectifs est de r\u00e9unir les nations autour de ce festival \u00ab\u00a0, a d\u00e9clar\u00e9 Fally Ipupa sur la sc\u00e8ne du Festival.<\/p>\n\n\n\n<p>Bien avant les prestations des artistes, le pr\u00e9sident de la R\u00e9publique, F\u00e9lix Antoine Tshisekedi, avait proc\u00e9d\u00e9 au lancement officiel de la premi\u00e8re \u00e9dition du festival, un \u00e9v\u00e9nement in\u00e9dit destin\u00e9 \u00e0 promouvoir la richesse culturelle, artistique et touristique de la RDC sur la sc\u00e8ne internationale. La c\u00e9r\u00e9monie s&rsquo;\u00e9tait d\u00e9roul\u00e9e en pr\u00e9sence de plusieurs membres du gouvernement, des repr\u00e9sentants du corps diplomatique, des artistes nationaux et internationaux, ainsi que des op\u00e9rateurs du secteur touristique.<\/p>\n","protected":false},"excerpt":{"rendered":"<p>Par Carroll Madiya Apr\u00e8s trois jours de musique et de c\u00e9l\u00e9bration culturelle, le 1er Festival Mondial de la Musique et du Tourisme (FMMT) s&rsquo;est cl\u00f4tur\u00e9 en beaut\u00e9, le Vendredi 18 Juillet 2025, \u00e0 Kinshasa. Deux grands sites ont accueilli la cl\u00f4ture de l&rsquo;\u00e9v\u00e9nement : l&rsquo;Esplanade du Palais du Peuple et l&rsquo;\u00c9changeur de Limete. Pour marquer [&hellip;]<\/p>\n","protected":false},"author":1,"featured_media":72665,"comment_status":"closed","ping_status":"closed","sticky":false,"template":"","format":"standard","meta":{"footnotes":""},"categories":[28,8,127,125,134],"tags":[],"class_list":["post-72664","post","type-post","status-publish","format-standard","has-post-thumbnail","hentry","category-coutumes","category-culture-media","category-evenements","category-expo","category-la-tempete-des-tropiques"],"_links":{"self":[{"href":"https:\/\/www.latempete.info\/index.php?rest_route=\/wp\/v2\/posts\/72664"}],"collection":[{"href":"https:\/\/www.latempete.info\/index.php?rest_route=\/wp\/v2\/posts"}],"about":[{"href":"https:\/\/www.latempete.info\/index.php?rest_route=\/wp\/v2\/types\/post"}],"author":[{"embeddable":true,"href":"https:\/\/www.latempete.info\/index.php?rest_route=\/wp\/v2\/users\/1"}],"replies":[{"embeddable":true,"href":"https:\/\/www.latempete.info\/index.php?rest_route=%2Fwp%2Fv2%2Fcomments&post=72664"}],"version-history":[{"count":1,"href":"https:\/\/www.latempete.info\/index.php?rest_route=\/wp\/v2\/posts\/72664\/revisions"}],"predecessor-version":[{"id":72666,"href":"https:\/\/www.latempete.info\/index.php?rest_route=\/wp\/v2\/posts\/72664\/revisions\/72666"}],"wp:featuredmedia":[{"embeddable":true,"href":"https:\/\/www.latempete.info\/index.php?rest_route=\/wp\/v2\/media\/72665"}],"wp:attachment":[{"href":"https:\/\/www.latempete.info\/index.php?rest_route=%2Fwp%2Fv2%2Fmedia&parent=72664"}],"wp:term":[{"taxonomy":"category","embeddable":true,"href":"https:\/\/www.latempete.info\/index.php?rest_route=%2Fwp%2Fv2%2Fcategories&post=72664"},{"taxonomy":"post_tag","embeddable":true,"href":"https:\/\/www.latempete.info\/index.php?rest_route=%2Fwp%2Fv2%2Ftags&post=72664"}],"curies":[{"name":"wp","href":"https:\/\/api.w.org\/{rel}","templated":true}]}}