{"id":72839,"date":"2025-07-28T12:36:01","date_gmt":"2025-07-28T12:36:01","guid":{"rendered":"https:\/\/www.latempete.info\/?p=72839"},"modified":"2025-07-28T12:36:34","modified_gmt":"2025-07-28T12:36:34","slug":"tshopo-9-criminels-impliques-dans-les-attaques-du-msf-et-de-lhopital-du-cinquantenaire-aux-arrets","status":"publish","type":"post","link":"https:\/\/www.latempete.info\/?p=72839","title":{"rendered":"Tshopo : 9 criminels impliqu\u00e9s dans les attaques du MSF et de l&rsquo;H\u00f4pital du Cinquantenaire aux arr\u00eats"},"content":{"rendered":"\n<p>Par LM<\/p>\n\n\n\n<p>9 pr\u00e9sum\u00e9s bandits, parmi lesquels figurent des militaires, un policier et des civils, ont \u00e9t\u00e9 arr\u00eat\u00e9s \u00e0 Kisangani (Tshopo) pour leur implication pr\u00e9sum\u00e9e dans les attaques arm\u00e9es contre la base de MSF et l&rsquo;H\u00f4pital du Cinquantenaire. Pr\u00e9sent\u00e9s au Gouverneur ad int\u00e9rim Didier LomoyoIteku, ces individus sont accus\u00e9s d&rsquo;avoir men\u00e9 des op\u00e9rations coordonn\u00e9es avec des complicit\u00e9s internes, notamment des civils charg\u00e9s du rep\u00e9rage.<\/p>\n\n\n\n<p>Des armes, du cannabis et plusieurs objets vol\u00e9s ont \u00e9t\u00e9 saisis. Des complices sont toujours recherch\u00e9s.Le gouverneur appelle \u00e0 un proc\u00e8s rapide et public pour sanctionner les auteurs et restaurer la confiance des populations dans les institutions de s\u00e9curit\u00e9.<\/p>\n","protected":false},"excerpt":{"rendered":"<p>Par LM 9 pr\u00e9sum\u00e9s bandits, parmi lesquels figurent des militaires, un policier et des civils, ont \u00e9t\u00e9 arr\u00eat\u00e9s \u00e0 Kisangani (Tshopo) pour leur implication pr\u00e9sum\u00e9e dans les attaques arm\u00e9es contre la base de MSF et l&rsquo;H\u00f4pital du Cinquantenaire. Pr\u00e9sent\u00e9s au Gouverneur ad int\u00e9rim Didier LomoyoIteku, ces individus sont accus\u00e9s d&rsquo;avoir men\u00e9 des op\u00e9rations coordonn\u00e9es avec [&hellip;]<\/p>\n","protected":false},"author":1,"featured_media":0,"comment_status":"closed","ping_status":"closed","sticky":false,"template":"","format":"standard","meta":{"footnotes":""},"categories":[134,25,10],"tags":[],"class_list":["post-72839","post","type-post","status-publish","format-standard","hentry","category-la-tempete-des-tropiques","category-province","category-societe"],"_links":{"self":[{"href":"https:\/\/www.latempete.info\/index.php?rest_route=\/wp\/v2\/posts\/72839"}],"collection":[{"href":"https:\/\/www.latempete.info\/index.php?rest_route=\/wp\/v2\/posts"}],"about":[{"href":"https:\/\/www.latempete.info\/index.php?rest_route=\/wp\/v2\/types\/post"}],"author":[{"embeddable":true,"href":"https:\/\/www.latempete.info\/index.php?rest_route=\/wp\/v2\/users\/1"}],"replies":[{"embeddable":true,"href":"https:\/\/www.latempete.info\/index.php?rest_route=%2Fwp%2Fv2%2Fcomments&post=72839"}],"version-history":[{"count":1,"href":"https:\/\/www.latempete.info\/index.php?rest_route=\/wp\/v2\/posts\/72839\/revisions"}],"predecessor-version":[{"id":72840,"href":"https:\/\/www.latempete.info\/index.php?rest_route=\/wp\/v2\/posts\/72839\/revisions\/72840"}],"wp:attachment":[{"href":"https:\/\/www.latempete.info\/index.php?rest_route=%2Fwp%2Fv2%2Fmedia&parent=72839"}],"wp:term":[{"taxonomy":"category","embeddable":true,"href":"https:\/\/www.latempete.info\/index.php?rest_route=%2Fwp%2Fv2%2Fcategories&post=72839"},{"taxonomy":"post_tag","embeddable":true,"href":"https:\/\/www.latempete.info\/index.php?rest_route=%2Fwp%2Fv2%2Ftags&post=72839"}],"curies":[{"name":"wp","href":"https:\/\/api.w.org\/{rel}","templated":true}]}}