{"id":72865,"date":"2025-07-29T14:15:12","date_gmt":"2025-07-29T14:15:12","guid":{"rendered":"https:\/\/www.latempete.info\/?p=72865"},"modified":"2025-07-29T14:45:34","modified_gmt":"2025-07-29T14:45:34","slug":"le-chretien-et-lentrepreneuriat-un-ouvrage-qui-aide-les-chretiens-a-savoir-entreprendre","status":"publish","type":"post","link":"https:\/\/www.latempete.info\/?p=72865","title":{"rendered":"\u00ab\u00a0Le Chr\u00e9tien et l&rsquo;Entrepreneuriat\u00a0\u00bb, un ouvrage qui aide les chr\u00e9tiens \u00e0 savoir entreprendre"},"content":{"rendered":"\n<p>Par Thony Kambila<\/p>\n\n\n\n<p>Le livre \u00a0\u00bb le Chr\u00e9tien et l&rsquo;Entrepreneuriat, J\u00e9sus-Christ intelligence entrepreneuriale\u00a0\u00bb de l&rsquo;auteur, le pasteur Jules KimpamaWelesi, a \u00e9t\u00e9 pr\u00e9sent\u00e9 au public le samedi 26 juillet 2025 au cours d&rsquo;une c\u00e9r\u00e9monie de vernissage organis\u00e9e samedi 26 juillet \u00e0 Kinshasa.<\/p>\n\n\n\n<p>Cet ouvrage, \u00e0pr\u00e9cis\u00e9 son auteur, attire la conscience des chr\u00e9tiens \u00e0 l&rsquo;entrepreneuriat, cloisonne la spiritualit\u00e9 et l&rsquo;\u00e9conomie, il propose u?e lecture puissante de l&rsquo;entrepreneuriat \u00e0 la lumi\u00e8re de l&rsquo;intelligence divine incarn\u00e9e par J\u00e9sus-Christ. Ce document constitue un v\u00e9ritable outil de mobilisation spirituel et strat\u00e9gique, il pr\u00e9sente le travail comme un mandat divin confi\u00e9 \u00e0 l&rsquo;homme.<\/p>\n\n\n\n<p>Compos\u00e9 de quatre chapitres, cet ouvrage a \u00e9t\u00e9 co-prefac\u00e9 par le professeur \u00e9m\u00e9rite Fortunat Martin Mukendi et le pasteur Henri Papa Mulaja et port\u00e9 sur les fonts baptismaux par le pasteur Jean Baptiste Nkembo.<\/p>\n\n\n\n<p>En mettant \u00e0 la disposition du public Chr\u00e9tien ce livre, le pasteur Jules KimpamaWelesi a voulu \u00e9galement demander aux pasteurs d&rsquo;\u00e9veiller la conscience des chr\u00e9tiens et de les inciter \u00e0 travailler. \u00ab\u00a0L&rsquo;\u00e9glise ne peut pas \u00eatre constitu\u00e9e seulement consommateurs finaux,mais plut\u00f4t des cr\u00e9ateurs d&rsquo;entreprises \u00ab\u00a0, a-t-il martel\u00e9.<\/p>\n\n\n\n<p>Cr\u00e9ation des micro-finances<\/p>\n\n\n\n<p>F\u00e9licitant l&rsquo;auteur pour son id\u00e9e d&rsquo;eveiller la conscience des chr\u00e9tiens \u00e0 l&rsquo;entrepreneuriat, M. Louis Bongo, a indiqu\u00e9 que ce n&rsquo;est facile d&rsquo;ecrir un tel livre dans un environnement pareil. Pour lui, l&rsquo;auteur a mis \u00e0 la disposition des chr\u00e9tiens et non chr\u00e9tiens tout ce que le seigneur a mis dans son c\u0153ur pour montrer comment, avec la lumi\u00e8re de J\u00e9sus-Christ, on peut parvenir \u00e0 entreprendre. Le directeur g\u00e9n\u00e9ral de ?<\/p>\n\n\n\n<p>l&rsquo;ACACIA, Louis Bongo pr\u00e9cise qu&rsquo;il suffit pas d&rsquo;avoir des millions pour commencer, mais on peut le faire avec les petits moyens si on a une vision tr\u00e8s claire. \u00ab\u00a0On peut \u00eatre capable de b\u00e2tir quelque chose avec le seigneur qui est la pierre angulaire \u00ab\u00a0, a-t-il soulign\u00e9 en indiquant que Dieu nous a cr\u00e9\u00e9 et a mis en nous les capacit\u00e9s de nous multiplier et remplir la terre. C&rsquo;est \u00e0 dire que pour satisfaire nos besoins (manger, boire, nous v\u00eatir, gagner le painquotidien et autres), nous devons les faire \u00e0 travers les capacit\u00e9s que Dieu a mis en nous. M. Louis Bongo a \u00e9galement demand\u00e9 \u00e0 toutes les \u00e9glises \u00e0 cr\u00e9er des micro-finances pour aider les chr\u00e9tiens plus particuli\u00e8rement les jeunes \u00e0 travailler, s&rsquo;auto-financer pour leur prise en charge et pour le soutien de l&rsquo;\u0153uvre de Dieu.<\/p>\n","protected":false},"excerpt":{"rendered":"<p>Par Thony Kambila Le livre \u00a0\u00bb le Chr\u00e9tien et l&rsquo;Entrepreneuriat, J\u00e9sus-Christ intelligence entrepreneuriale\u00a0\u00bb de l&rsquo;auteur, le pasteur Jules KimpamaWelesi, a \u00e9t\u00e9 pr\u00e9sent\u00e9 au public le samedi 26 juillet 2025 au cours d&rsquo;une c\u00e9r\u00e9monie de vernissage organis\u00e9e samedi 26 juillet \u00e0 Kinshasa. Cet ouvrage, \u00e0pr\u00e9cis\u00e9 son auteur, attire la conscience des chr\u00e9tiens \u00e0 l&rsquo;entrepreneuriat, cloisonne la [&hellip;]<\/p>\n","protected":false},"author":1,"featured_media":72867,"comment_status":"closed","ping_status":"closed","sticky":false,"template":"","format":"standard","meta":{"footnotes":""},"categories":[8,134,128,36,30,10],"tags":[],"class_list":["post-72865","post","type-post","status-publish","format-standard","has-post-thumbnail","hentry","category-culture-media","category-la-tempete-des-tropiques","category-litterature","category-religion","category-revue-de-presse","category-societe"],"_links":{"self":[{"href":"https:\/\/www.latempete.info\/index.php?rest_route=\/wp\/v2\/posts\/72865"}],"collection":[{"href":"https:\/\/www.latempete.info\/index.php?rest_route=\/wp\/v2\/posts"}],"about":[{"href":"https:\/\/www.latempete.info\/index.php?rest_route=\/wp\/v2\/types\/post"}],"author":[{"embeddable":true,"href":"https:\/\/www.latempete.info\/index.php?rest_route=\/wp\/v2\/users\/1"}],"replies":[{"embeddable":true,"href":"https:\/\/www.latempete.info\/index.php?rest_route=%2Fwp%2Fv2%2Fcomments&post=72865"}],"version-history":[{"count":1,"href":"https:\/\/www.latempete.info\/index.php?rest_route=\/wp\/v2\/posts\/72865\/revisions"}],"predecessor-version":[{"id":72866,"href":"https:\/\/www.latempete.info\/index.php?rest_route=\/wp\/v2\/posts\/72865\/revisions\/72866"}],"wp:featuredmedia":[{"embeddable":true,"href":"https:\/\/www.latempete.info\/index.php?rest_route=\/wp\/v2\/media\/72867"}],"wp:attachment":[{"href":"https:\/\/www.latempete.info\/index.php?rest_route=%2Fwp%2Fv2%2Fmedia&parent=72865"}],"wp:term":[{"taxonomy":"category","embeddable":true,"href":"https:\/\/www.latempete.info\/index.php?rest_route=%2Fwp%2Fv2%2Fcategories&post=72865"},{"taxonomy":"post_tag","embeddable":true,"href":"https:\/\/www.latempete.info\/index.php?rest_route=%2Fwp%2Fv2%2Ftags&post=72865"}],"curies":[{"name":"wp","href":"https:\/\/api.w.org\/{rel}","templated":true}]}}