{"id":73030,"date":"2025-08-07T18:13:11","date_gmt":"2025-08-07T18:13:11","guid":{"rendered":"https:\/\/www.latempete.info\/?p=73030"},"modified":"2025-08-07T18:13:14","modified_gmt":"2025-08-07T18:13:14","slug":"selon-un-protocole-daccord-signe-par-le-ministere-de-lindustrieet-du-developpement-des-pme-et-la-societe-ghaneenne-etic-international-la-construction-des-infrastructures-agricoles-et-tech","status":"publish","type":"post","link":"https:\/\/www.latempete.info\/?p=73030","title":{"rendered":"Selon un protocole d&rsquo;accord sign\u00e9 par le minist\u00e8re de l&rsquo;Industrieet du D\u00e9veloppement des PME et la soci\u00e9t\u00e9 ghan\u00e9enne  \u00a0\u00bb ETIC International  : \u00ab\u00a0La construction des infrastructures agricoles et technologiques envisag\u00e9e dans la Tshopo"},"content":{"rendered":"\n<p>Par Marcel Tshishiku<\/p>\n\n\n\n<p>Le Gouvernement de la R\u00e9publique D\u00e9mocratique du Congo a sign\u00e9, mardi 5 ao\u00fbt, un protocole d&rsquo;accord avec la soci\u00e9t\u00e9 ghan\u00e9enne \u00a0\u00bb ETIC International \u00a0\u00bb visant \u00e0 d\u00e9velopper des infrastructures agricoles et technologiques dans la province de la Tshopo.<\/p>\n\n\n\n<p>Selon deskeco.cd, l&rsquo;ex\u00e9cutif national a sign\u00e9 ce protocole d&rsquo;accord par l&rsquo;entremise de Louis Watum Kabamba, ministre congolais de l&rsquo;Industrie et du D\u00e9veloppement des PME (Petites et moyennes entreprises). La finalit\u00e9 est de baliser le chemin de la mise en \u0153uvre dudit projet de production dans les domaines de l&rsquo;agropole et de la technopole. La quintessence de ce document a \u00e9t\u00e9 expliqu\u00e9e par un haut responsable de la soci\u00e9t\u00e9 ghan\u00e9enne.<\/p>\n\n\n\n<p>\u00a0\u00bb Notre soci\u00e9t\u00e9, ETIC &#8211; \u00c9cho, Technologie, Infrastructures et Communautaire &#8211; est un conglom\u00e9rat bas\u00e9 \u00e0 Accra, au Ghana, qui regroupe plusieurs entreprises sp\u00e9cialis\u00e9es. L&rsquo;accord sign\u00e9 entre dans le cadre du d\u00e9veloppement de l&rsquo;agropole et du technopole en RDC \u00ab\u00a0, a d\u00e9clar\u00e9 Claude Malebabo, directeur technique d&rsquo;ETIC International.<\/p>\n\n\n\n<p>A en croire cet expert, le projet inclut la cr\u00e9ation d&rsquo;une zone d&rsquo;am\u00e9nagement agricole planifi\u00e9e, d&rsquo;un centre d&rsquo;agr\u00e9gation, de logements sociaux, d&rsquo;un parc agro-industriel, ainsi que des infrastructures de stockage et de transport.<\/p>\n\n\n\n<p>Et de poursuivre : \u00a0\u00bb Nous revenons d&rsquo;une mission d&rsquo;identification dans la province de la Tshopo o\u00f9 nous allons implanter l&rsquo;agropole sur 100 000 hectares, ainsi qu&rsquo;une technopole minier \u00ab\u00a0.<\/p>\n\n\n\n<p>\u00a0\u00bb Une feuille de route est en cours de finalisation et devrait permettre l&rsquo;obtention des documents n\u00e9cessaires au niveau provincial pour le d\u00e9marrage effectif des travaux \u00ab\u00a0, a conclu la source.<\/p>\n","protected":false},"excerpt":{"rendered":"<p>Par Marcel Tshishiku Le Gouvernement de la R\u00e9publique D\u00e9mocratique du Congo a sign\u00e9, mardi 5 ao\u00fbt, un protocole d&rsquo;accord avec la soci\u00e9t\u00e9 ghan\u00e9enne \u00a0\u00bb ETIC International \u00a0\u00bb visant \u00e0 d\u00e9velopper des infrastructures agricoles et technologiques dans la province de la Tshopo. Selon deskeco.cd, l&rsquo;ex\u00e9cutif national a sign\u00e9 ce protocole d&rsquo;accord par l&rsquo;entremise de Louis Watum [&hellip;]<\/p>\n","protected":false},"author":1,"featured_media":0,"comment_status":"closed","ping_status":"closed","sticky":false,"template":"","format":"standard","meta":{"footnotes":""},"categories":[120,7,134,10],"tags":[],"class_list":["post-73030","post","type-post","status-publish","format-standard","hentry","category-banque-finance","category-economie","category-la-tempete-des-tropiques","category-societe"],"_links":{"self":[{"href":"https:\/\/www.latempete.info\/index.php?rest_route=\/wp\/v2\/posts\/73030"}],"collection":[{"href":"https:\/\/www.latempete.info\/index.php?rest_route=\/wp\/v2\/posts"}],"about":[{"href":"https:\/\/www.latempete.info\/index.php?rest_route=\/wp\/v2\/types\/post"}],"author":[{"embeddable":true,"href":"https:\/\/www.latempete.info\/index.php?rest_route=\/wp\/v2\/users\/1"}],"replies":[{"embeddable":true,"href":"https:\/\/www.latempete.info\/index.php?rest_route=%2Fwp%2Fv2%2Fcomments&post=73030"}],"version-history":[{"count":1,"href":"https:\/\/www.latempete.info\/index.php?rest_route=\/wp\/v2\/posts\/73030\/revisions"}],"predecessor-version":[{"id":73031,"href":"https:\/\/www.latempete.info\/index.php?rest_route=\/wp\/v2\/posts\/73030\/revisions\/73031"}],"wp:attachment":[{"href":"https:\/\/www.latempete.info\/index.php?rest_route=%2Fwp%2Fv2%2Fmedia&parent=73030"}],"wp:term":[{"taxonomy":"category","embeddable":true,"href":"https:\/\/www.latempete.info\/index.php?rest_route=%2Fwp%2Fv2%2Fcategories&post=73030"},{"taxonomy":"post_tag","embeddable":true,"href":"https:\/\/www.latempete.info\/index.php?rest_route=%2Fwp%2Fv2%2Ftags&post=73030"}],"curies":[{"name":"wp","href":"https:\/\/api.w.org\/{rel}","templated":true}]}}