{"id":73938,"date":"2025-10-13T17:09:19","date_gmt":"2025-10-13T17:09:19","guid":{"rendered":"https:\/\/www.latempete.info\/?p=73938"},"modified":"2025-10-13T17:09:23","modified_gmt":"2025-10-13T17:09:23","slug":"kongo-central-nsuami-mpaka-victor-elu-nouveau-president-de-lassemblee-provinciale-il-a-obtenu-35-voix-sur-38-votants","status":"publish","type":"post","link":"https:\/\/www.latempete.info\/?p=73938","title":{"rendered":"Kongo Central : Nsuami Mpaka Victor \u00e9lu nouveau pr\u00e9sident de l&rsquo;Assembl\u00e9e provinciale Il a obtenu 35 voix sur 38 votants"},"content":{"rendered":"\n<p>Par Dieudonn\u00e9 Muaka Dimbi<\/p>\n\n\n\n<p>Le nouveau pr\u00e9sident de l&rsquo;Assembl\u00e9e provinciale du Kongo Central est enfin connu. Il s&rsquo;agit de Nsuami Mpaka Victor, \u00e9lu pr\u00e9sident avec une majorit\u00e9 \u00e9crasante de 35 voix sur 38 d\u00e9put\u00e9s ayant pris part au scrutin organis\u00e9 le samedi 11 octobre dans la salle des c\u00e9r\u00e9monies de mariage de la mairie de Matadi, apr\u00e8s la d\u00e9mission de l&rsquo;ancien gouverneur, Papy Mantenzolo Diatezua.<\/p>\n\n\n\n<p>Nsuami Mpaka Victor sera second\u00e9 par Pierre Kabangu Nsalambi, \u00e9lu Vice-pr\u00e9sident avec 21 voix sur 17 pour son challenger Thomas Yobila Nuambote. Quant au poste de Rapporteur, Billy Ntunga, candidat unique \u00e0 ce poste et victime de graves blessures lors de la bagarre ayant oppos\u00e9 les \u00e9lus soutenant Papy Mantenzolo Diatezua aux d\u00e9put\u00e9s p\u00e9tionnaires, a obtenu 31 voix.<\/p>\n\n\n\n<p>Au poste de Rapporteur-adjoint, Guylain Phanzu Mangovo s&rsquo;est impos\u00e9 face \u00e0 son adversaire du jour, R\u00e9my Nzanzu, avec 21 voix contre 16. Pour le poste de Questeur, la majorit\u00e9 des d\u00e9put\u00e9s provinciaux ont jet\u00e9 leur d\u00e9volu sur Rachel Diazanguka, l&rsquo;unique femme au sein de ce nouveau bureau. Elle a battu son challenger Ruphin Kisilu avec 22 voix contre 16.<\/p>\n\n\n\n<p>Dans ce nouveau bureau de l&rsquo;Assembl\u00e9e provinciale, figurent encore deux d\u00e9put\u00e9s ayant fait partie de l&rsquo;ancien bureau, mais \u00e0 des postes diff\u00e9rents. Il s&rsquo;agit de Nsuami Mpaka Victor, qui passe de la vice-pr\u00e9sidence \u00e0 la pr\u00e9sidence, et de Billy Ntunga qui, hier, Rapporteur-adjoint, d\u00e9sormais titularis\u00e9 gr\u00e2ce au nombre de voix re\u00e7ues.<\/p>\n\n\n\n<p>Le mot d&rsquo;ordre de Guylain Phanzu Mangovo, porte-parole des p\u00e9titionnaires, \u00e0 la veille des \u00e9lections, invitant \u00e0 voter pour le \u00ab\u00a0ticket des d\u00e9put\u00e9s frondeurs\u00a0\u00bb, a donc port\u00e9 ses fruits.<\/p>\n\n\n\n<p>Face \u00e0 la presse, le nouveau pr\u00e9sident de l&rsquo;Assembl\u00e9e provinciale du Kongo Central a remerci\u00e9 ses coll\u00e8gues d\u00e9put\u00e9s provinciaux pour leur confiance. Il a exprim\u00e9 son engagement \u00e0 faire de cet organe d\u00e9lib\u00e9rant un v\u00e9ritable espace de d\u00e9bats d\u00e9mocratiques et de contr\u00f4le parlementaire, en lieu et place d&rsquo;une caisse de r\u00e9sonance de qui que ce soit.<\/p>\n\n\n\n<p>Gr\u00e2ce Nkuanga Masuangi Bilolo f\u00e9licite les heureux \u00e9lus<\/p>\n\n\n\n<p>Pour sa part, le gouverneur Gr\u00e2ce Nkuanga Masuangi Bilolo, a salu\u00e9 l&rsquo;\u00e9lection du nouveau bureau, qu&rsquo;il a qualifi\u00e9 d&rsquo;un \u00ab\u00a0acte d\u00e9mocratique majeur\u00a0\u00bb, t\u00e9moin de la vitalit\u00e9 des institutions provinciales et de l&rsquo;attachement du Kongo Central aux principes r\u00e9publicains.<\/p>\n\n\n\n<p>Selon lui, cette \u00e9lection marque une \u00e9tape importante dans le fonctionnement harmonieux de la d\u00e9mocratie provinciale. Tout en saluant la maturit\u00e9 politique dont ont fait preuve les \u00e9lus provinciaux tout au long du processus \u00e9lectoral, et leur engagement pour la paix, la transparence et l&rsquo;int\u00e9r\u00eat g\u00e9n\u00e9ral, le gouverneur Gr\u00e2ce Nkuanga Masuangi Bilolo a formul\u00e9 le v\u0153u de voir le nouveau bureau \u00e9tablir une collaboration constructive entre l&rsquo;Ex\u00e9cutif provincial et l&rsquo;organe d\u00e9lib\u00e9rant dans le respect des pr\u00e9rogatives de chacun.<br>Il a enfin appel\u00e9 les d\u00e9put\u00e9s provinciaux, sans distinction, \u00e0 \u0153uvrer pour le d\u00e9veloppement durable, la bonne gouvernance et la coh\u00e9sion au sein du Kongo Central.<\/p>\n\n\n\n<p><\/p>\n","protected":false},"excerpt":{"rendered":"<p>Par Dieudonn\u00e9 Muaka Dimbi Le nouveau pr\u00e9sident de l&rsquo;Assembl\u00e9e provinciale du Kongo Central est enfin connu. Il s&rsquo;agit de Nsuami Mpaka Victor, \u00e9lu pr\u00e9sident avec une majorit\u00e9 \u00e9crasante de 35 voix sur 38 d\u00e9put\u00e9s ayant pris part au scrutin organis\u00e9 le samedi 11 octobre dans la salle des c\u00e9r\u00e9monies de mariage de la mairie de [&hellip;]<\/p>\n","protected":false},"author":1,"featured_media":73939,"comment_status":"closed","ping_status":"closed","sticky":false,"template":"","format":"standard","meta":{"footnotes":""},"categories":[134,130,5,25],"tags":[],"class_list":["post-73938","post","type-post","status-publish","format-standard","has-post-thumbnail","hentry","category-la-tempete-des-tropiques","category-nation","category-politique","category-province"],"_links":{"self":[{"href":"https:\/\/www.latempete.info\/index.php?rest_route=\/wp\/v2\/posts\/73938"}],"collection":[{"href":"https:\/\/www.latempete.info\/index.php?rest_route=\/wp\/v2\/posts"}],"about":[{"href":"https:\/\/www.latempete.info\/index.php?rest_route=\/wp\/v2\/types\/post"}],"author":[{"embeddable":true,"href":"https:\/\/www.latempete.info\/index.php?rest_route=\/wp\/v2\/users\/1"}],"replies":[{"embeddable":true,"href":"https:\/\/www.latempete.info\/index.php?rest_route=%2Fwp%2Fv2%2Fcomments&post=73938"}],"version-history":[{"count":1,"href":"https:\/\/www.latempete.info\/index.php?rest_route=\/wp\/v2\/posts\/73938\/revisions"}],"predecessor-version":[{"id":73940,"href":"https:\/\/www.latempete.info\/index.php?rest_route=\/wp\/v2\/posts\/73938\/revisions\/73940"}],"wp:featuredmedia":[{"embeddable":true,"href":"https:\/\/www.latempete.info\/index.php?rest_route=\/wp\/v2\/media\/73939"}],"wp:attachment":[{"href":"https:\/\/www.latempete.info\/index.php?rest_route=%2Fwp%2Fv2%2Fmedia&parent=73938"}],"wp:term":[{"taxonomy":"category","embeddable":true,"href":"https:\/\/www.latempete.info\/index.php?rest_route=%2Fwp%2Fv2%2Fcategories&post=73938"},{"taxonomy":"post_tag","embeddable":true,"href":"https:\/\/www.latempete.info\/index.php?rest_route=%2Fwp%2Fv2%2Ftags&post=73938"}],"curies":[{"name":"wp","href":"https:\/\/api.w.org\/{rel}","templated":true}]}}