{"id":74923,"date":"2025-12-05T12:47:50","date_gmt":"2025-12-05T12:47:50","guid":{"rendered":"https:\/\/www.latempete.info\/?p=74923"},"modified":"2025-12-05T12:47:54","modified_gmt":"2025-12-05T12:47:54","slug":"kinshasa-des-victimes-de-viol-de-la-prison-de-makala-saisissent-la-justice-pour-reparation","status":"publish","type":"post","link":"https:\/\/www.latempete.info\/?p=74923","title":{"rendered":"Kinshasa: des victimes de viol de la Prison de Makala saisissent la Justice pour r\u00e9paration"},"content":{"rendered":"\n<p>Par Thony Kambila<\/p>\n\n\n\n<p>Des victimes de viols, perp\u00e9tr\u00e9s dans la nuit du 1er au 2 septembre 2024, lors d&rsquo;une tentative d&rsquo;\u00e9vasion ma\u00eetris\u00e9e \u00e0 la prison de Makala, ont enclench\u00e9 mercredi une action judiciaire pour obtenir r\u00e9paration. C&rsquo;\u00e9tait lors d&rsquo;une manifestation devant le Palais de Justice, \u00e0 Kinshasa.<\/p>\n\n\n\n<p>\u00a0\u00bb Nous sommes dans une action en justice o\u00f9 nous d\u00e9sirons obtenir justice, r\u00e9paration, mais aussi la reconnaissance de graves violations des droits humains qui ont \u00e9t\u00e9 commises dans un lieu cens\u00e9 \u00eatre plus s\u00e9curis\u00e9 \u00ab\u00a0, a d\u00e9clar\u00e9 Fr\u00e9d\u00e9ric Kwamba, avocat des victimes.<\/p>\n\n\n\n<p>\u00a0\u00bb Je pense que vous \u00eates sans ignorer que dans la nuit du 1er au 2 septembre de l&rsquo;ann\u00e9e pass\u00e9e, il y a eu des cas de viol massif sur certaines d\u00e9tenues et depuis lors les victimes n&rsquo;ont jamais \u00e9t\u00e9 indemnis\u00e9es, il n&rsquo;y a pas eu de r\u00e9paration\u00a0\u00bb, a-t-il poursuivi.<\/p>\n\n\n\n<p>Le juriste a ajout\u00e9 : \u00a0\u00bb en rapport avec la justice, nous faisons foi en notre justice et nous croyons qu&rsquo;elle instruira cette cause avec diligence et impartialit\u00e9 pour que l&rsquo;on aboutisse quand m\u00eame \u00e0 une d\u00e9cision qui rendra justice \u00e0 l&rsquo;une des parties au proc\u00e8s \u00ab\u00a0.<\/p>\n\n\n\n<p>Une victime s&rsquo;est exprim\u00e9e en ces termes : \u00a0\u00bb depuis que nous avons \u00e9t\u00e9 victimes de viols l&rsquo;ann\u00e9e derni\u00e8re, aucun suivi ni aucune solution ne nous ont \u00e9t\u00e9 apport\u00e9s. Nous avons quitt\u00e9 la prison gr\u00e2ce \u00e0 nos propres efforts. Pour ma part, j&rsquo;avais \u00e9t\u00e9 arr\u00eat\u00e9e et condamn\u00e9e \u00e0 une peine de six mois, durant laquelle j&rsquo;ai \u00e9t\u00e9 viol\u00e9e par quatre hommes. Jusqu&rsquo;\u00e0 pr\u00e9sent, je n&rsquo;ai re\u00e7u aucun soin appropri\u00e9. C&rsquo;est pourquoi nous sommes venues au palais de justice pour d\u00e9poser ce dossier et demander un d\u00e9dommagement \u00ab\u00a0.<\/p>\n\n\n\n<p>\u00a0\u00bb J&rsquo;ai \u00e9t\u00e9 emprisonn\u00e9e pour purger une peine, mais durant ma d\u00e9tention, j&rsquo;ai \u00e9t\u00e9 victime d&rsquo;un viol collectif commis par sept hommes. Depuis ce jour, ma sant\u00e9 est instable, faute de prise en charge m\u00e9dicale appropri\u00e9e. Apr\u00e8s le suivi de mon dossier au parquet, j&rsquo;ai \u00e9t\u00e9 lib\u00e9r\u00e9e. C&rsquo;est pourquoi je suis venue aujourd&rsquo;hui au palais de justice : non seulement pour faire entendre mon cas, mais aussi pour demander r\u00e9paration, car au-del\u00e0 de ma peine, j&rsquo;ai subi une grave injustice \u00ab\u00a0, a rench\u00e9ri une autre victime.<\/p>\n\n\n\n<p>L&rsquo;activiste des droits des femmes et coordonnatrice de l&rsquo;ONG \u00ab\u00a0Afia-Mama\u00a0\u00bb, Anny Modi, s&rsquo;est pour sa part exprim\u00e9e en ce terme: \u00a0\u00bb en marge de la Journ\u00e9e d&rsquo;activisme qui fait r\u00e9f\u00e9rence \u00e0 la campagne internationale de 16 jours d&rsquo;activisme fond\u00e9e sur le genre du 25 novembre au 10 d\u00e9cembre, bien que l&rsquo;accent soit mis sur les violences en ligne, nous avons estim\u00e9 qu&rsquo;il \u00e9tait temps que nous puissions accompagner les survivantes des viols de masse de la prison de Makala \u00ab\u00a0.<\/p>\n\n\n\n<p>Pour des raisons de stigmatisation li\u00e9es \u00e0 cette affaire, une demande a \u00e9t\u00e9 adress\u00e9e au tribunal, afin que l&rsquo;identit\u00e9 des plaignantes ne soit r\u00e9v\u00e9l\u00e9e par aucune partie, y compris la partie adverse, et ce, jusqu&rsquo;\u00e0 l&rsquo;issue compl\u00e8te des proc\u00e8s.<\/p>\n","protected":false},"excerpt":{"rendered":"<p>Par Thony Kambila Des victimes de viols, perp\u00e9tr\u00e9s dans la nuit du 1er au 2 septembre 2024, lors d&rsquo;une tentative d&rsquo;\u00e9vasion ma\u00eetris\u00e9e \u00e0 la prison de Makala, ont enclench\u00e9 mercredi une action judiciaire pour obtenir r\u00e9paration. C&rsquo;\u00e9tait lors d&rsquo;une manifestation devant le Palais de Justice, \u00e0 Kinshasa. \u00a0\u00bb Nous sommes dans une action en justice [&hellip;]<\/p>\n","protected":false},"author":1,"featured_media":0,"comment_status":"closed","ping_status":"closed","sticky":false,"template":"","format":"standard","meta":{"footnotes":""},"categories":[860,134,25,10],"tags":[],"class_list":["post-74923","post","type-post","status-publish","format-standard","hentry","category-justice","category-la-tempete-des-tropiques","category-province","category-societe"],"_links":{"self":[{"href":"https:\/\/www.latempete.info\/index.php?rest_route=\/wp\/v2\/posts\/74923"}],"collection":[{"href":"https:\/\/www.latempete.info\/index.php?rest_route=\/wp\/v2\/posts"}],"about":[{"href":"https:\/\/www.latempete.info\/index.php?rest_route=\/wp\/v2\/types\/post"}],"author":[{"embeddable":true,"href":"https:\/\/www.latempete.info\/index.php?rest_route=\/wp\/v2\/users\/1"}],"replies":[{"embeddable":true,"href":"https:\/\/www.latempete.info\/index.php?rest_route=%2Fwp%2Fv2%2Fcomments&post=74923"}],"version-history":[{"count":1,"href":"https:\/\/www.latempete.info\/index.php?rest_route=\/wp\/v2\/posts\/74923\/revisions"}],"predecessor-version":[{"id":74924,"href":"https:\/\/www.latempete.info\/index.php?rest_route=\/wp\/v2\/posts\/74923\/revisions\/74924"}],"wp:attachment":[{"href":"https:\/\/www.latempete.info\/index.php?rest_route=%2Fwp%2Fv2%2Fmedia&parent=74923"}],"wp:term":[{"taxonomy":"category","embeddable":true,"href":"https:\/\/www.latempete.info\/index.php?rest_route=%2Fwp%2Fv2%2Fcategories&post=74923"},{"taxonomy":"post_tag","embeddable":true,"href":"https:\/\/www.latempete.info\/index.php?rest_route=%2Fwp%2Fv2%2Ftags&post=74923"}],"curies":[{"name":"wp","href":"https:\/\/api.w.org\/{rel}","templated":true}]}}