{"id":75084,"date":"2025-12-15T13:29:42","date_gmt":"2025-12-15T13:29:42","guid":{"rendered":"https:\/\/www.latempete.info\/?p=75084"},"modified":"2025-12-15T13:29:46","modified_gmt":"2025-12-15T13:29:46","slug":"une-institution-dappui-au-systeme-educatif-bientot-en-construction-a-mbanza-ngungu","status":"publish","type":"post","link":"https:\/\/www.latempete.info\/?p=75084","title":{"rendered":"Une institution d&rsquo;appui au syst\u00e8me \u00e9ducatif bient\u00f4t en construction \u00e0 Mbanza-Ngungu!"},"content":{"rendered":"\n<p>Par Dieudonn\u00e9 Muaka Dimbi<\/p>\n\n\n\n<p>Depuis quelques mois, l&rsquo;attention des partenaires du d\u00e9veloppement de tous les horizons, se concentre de plus en plus sur la ville de Mbanza-Ngungu, situ\u00e9e \u00e0 plus de 200 kms de Matadi, capitale de la province du Kongo Central. Apr\u00e8s le projet d&rsquo;\u00e9rection d&rsquo;une grande salle culturelle initi\u00e9, il y a trois mois, par un congolais de la diaspora, dont les \u00e9tudes de faisabilit\u00e9 sont d\u00e9j\u00e0 tr\u00e8s avanc\u00e9es, c&rsquo;est autour de l&rsquo;Agence Fran\u00e7aise de D\u00e9veloppement (AFD), d&rsquo;y investir \u00e0 travers la construction du tout premier institut de formation des enseignants du primaire en R\u00e9publique D\u00e9mocratique du Congo.<\/p>\n\n\n\n<p>Ce projet majeur s&rsquo;inscrit dans le programme \u00ab\u00a0Molakisi Telema\u00a0\u00bb (Ndlr : \u00ab\u00a0Debout l&rsquo;Enseignant\u00a0\u00bb), financ\u00e9 \u00e0 hauteur de 10 millions d&rsquo;euros par l&rsquo;AFD, d\u00e9termin\u00e9e \u00e0 accompagner le gouvernement congolais dans la r\u00e9forme du syst\u00e8me \u00e9ducatif, notamment dans la remise \u00e0 niveau initiale des enseignants du primaire.<\/p>\n\n\n\n<p>Cet investissement strat\u00e9gique, largement salu\u00e9 par les professionnels de la craie dans toute la province, renforce l&rsquo;engagement de longue date de l&rsquo;AFD, en faveur de la gratuit\u00e9 de l&rsquo;enseignement de base, une initiative du Chef de l&rsquo;Etat, F\u00e9lix Antoine Tshisekedi Tshilombo, dont les r\u00e9sultats sont d\u00e9sormais visibles.<\/p>\n\n\n\n<p>Dans ce cadre, l&rsquo;Agence Fran\u00e7aise de D\u00e9veloppement a d\u00e9j\u00e0 financ\u00e9 la construction de 1280 salles de classe, dont 780 sont d\u00e9j\u00e0 op\u00e9rationnelles dans les provinces de Kinshasa, du Bandundu et du Kongo Central.<\/p>\n\n\n\n<p>La c\u00e9r\u00e9monie de pose de la premi\u00e8re de cet institut, pr\u00e9sid\u00e9e par la ministre d&rsquo;\u00e9tat en charge de l&rsquo;Enseignement primaire, secondaire et professionnel (EPSP), Ra\u00efssa Malu, s&rsquo;est d\u00e9roul\u00e9e \u00e0 Mbanza-Ngungu, en pr\u00e9sence de Prosp\u00e8re Ntela Ntambidila, R\u00e9mi Mich\u00e9raux et Herv\u00e9 Conan, respectivement Vice-gouverneur de province, Ambassadeur de France en RD. Congo et Directeur pays de l&rsquo;AFD. Selon l&rsquo;Ambassadeur de France, cet institut a pour objectif de renforcer l&rsquo;acc\u00e8s \u00e0 une \u00e9ducation de qualit\u00e9 gr\u00e2ce \u00e0 la formation d&rsquo;enseignants qualifi\u00e9s.<\/p>\n\n\n\n<p>Il comprendra 360 places de formation, un amphith\u00e9\u00e2tre, un internat de 80 places pour jeunes femmes, neuf salles de classe \u00e9quip\u00e9es, une salle informatique, une biblioth\u00e8que, des bureaux administratifs, une infirmerie, un r\u00e9fectoire, des laboratoires, des \u00e9quipements p\u00e9dagogiques, ainsi que diverses infrastructures sportives.<\/p>\n\n\n\n<p>Pour la ministre d&rsquo;\u00e9tat Ra\u00efssa Malu, la construction de cet \u00e9tablissement s&rsquo;inscrit pleinement dans la vision du Pr\u00e9sident de la R\u00e9publique, visant entre autres le rel\u00e8vement de la qualit\u00e9 de l&rsquo;\u00e9ducation par le renforcement des capacit\u00e9s des enseignants.<\/p>\n\n\n\n<p>Elle a enfin soulign\u00e9 que, d\u00e8s l&rsquo;ach\u00e8vement des travaux, le Kongo Central disposera d&rsquo;un outil strat\u00e9gique essentiel pour am\u00e9liorer la formation des enseignants et rendre le syst\u00e8me \u00e9ducatif beaucoup plus performant au b\u00e9n\u00e9fice des g\u00e9n\u00e9rations futures.<\/p>\n\n\n\n<p>Ce projet offrira surtout des opportunit\u00e9s in\u00e9dites aux enseignants du primaire de la province \u00e9ducationnelle du Kongo Central 2. Bref, il permettra de tester et de valider la reforme nationale sur la formation initiale ; de former une premi\u00e8re cohorte d&rsquo;\u00e9l\u00e8ves-enseignants dans des conditions conformes aux standards actuels, et de renforcer durablement la qualit\u00e9 de l&rsquo;enseignant du primaire sur l&rsquo;ensemble du territoire national.<\/p>\n","protected":false},"excerpt":{"rendered":"<p>Par Dieudonn\u00e9 Muaka Dimbi Depuis quelques mois, l&rsquo;attention des partenaires du d\u00e9veloppement de tous les horizons, se concentre de plus en plus sur la ville de Mbanza-Ngungu, situ\u00e9e \u00e0 plus de 200 kms de Matadi, capitale de la province du Kongo Central. Apr\u00e8s le projet d&rsquo;\u00e9rection d&rsquo;une grande salle culturelle initi\u00e9, il y a trois [&hellip;]<\/p>\n","protected":false},"author":1,"featured_media":75085,"comment_status":"closed","ping_status":"closed","sticky":false,"template":"","format":"standard","meta":{"footnotes":""},"categories":[42,134,25,10],"tags":[],"class_list":["post-75084","post","type-post","status-publish","format-standard","has-post-thumbnail","hentry","category-education","category-la-tempete-des-tropiques","category-province","category-societe"],"_links":{"self":[{"href":"https:\/\/www.latempete.info\/index.php?rest_route=\/wp\/v2\/posts\/75084"}],"collection":[{"href":"https:\/\/www.latempete.info\/index.php?rest_route=\/wp\/v2\/posts"}],"about":[{"href":"https:\/\/www.latempete.info\/index.php?rest_route=\/wp\/v2\/types\/post"}],"author":[{"embeddable":true,"href":"https:\/\/www.latempete.info\/index.php?rest_route=\/wp\/v2\/users\/1"}],"replies":[{"embeddable":true,"href":"https:\/\/www.latempete.info\/index.php?rest_route=%2Fwp%2Fv2%2Fcomments&post=75084"}],"version-history":[{"count":1,"href":"https:\/\/www.latempete.info\/index.php?rest_route=\/wp\/v2\/posts\/75084\/revisions"}],"predecessor-version":[{"id":75086,"href":"https:\/\/www.latempete.info\/index.php?rest_route=\/wp\/v2\/posts\/75084\/revisions\/75086"}],"wp:featuredmedia":[{"embeddable":true,"href":"https:\/\/www.latempete.info\/index.php?rest_route=\/wp\/v2\/media\/75085"}],"wp:attachment":[{"href":"https:\/\/www.latempete.info\/index.php?rest_route=%2Fwp%2Fv2%2Fmedia&parent=75084"}],"wp:term":[{"taxonomy":"category","embeddable":true,"href":"https:\/\/www.latempete.info\/index.php?rest_route=%2Fwp%2Fv2%2Fcategories&post=75084"},{"taxonomy":"post_tag","embeddable":true,"href":"https:\/\/www.latempete.info\/index.php?rest_route=%2Fwp%2Fv2%2Ftags&post=75084"}],"curies":[{"name":"wp","href":"https:\/\/api.w.org\/{rel}","templated":true}]}}