{"id":75386,"date":"2026-01-09T13:05:27","date_gmt":"2026-01-09T13:05:27","guid":{"rendered":"https:\/\/www.latempete.info\/?p=75386"},"modified":"2026-01-09T13:05:30","modified_gmt":"2026-01-09T13:05:30","slug":"le-lieutenant-colonel-mak-hazukay-designe-porte-parole-interimaire-des-fardc","status":"publish","type":"post","link":"https:\/\/www.latempete.info\/?p=75386","title":{"rendered":"Le lieutenant-colonel Mak Hazukay d\u00e9sign\u00e9 porte-parole int\u00e9rimaire des FARDC"},"content":{"rendered":"\n<p>Par Thony Kambila<\/p>\n\n\n\n<p>Le chef d&rsquo;\u00e9tat-major g\u00e9n\u00e9ral des Forces arm\u00e9es de la R\u00e9publique D\u00e9mocratique du Congo (FARDC) a nomm\u00e9 le lieutenant-colonel Mak Hazukay porte-parole int\u00e9rimaire de l&rsquo;arm\u00e9e et ?commandant du Service de Communication et d&rsquo;Information des Forces arm\u00e9es de la R\u00e9publique D\u00e9mocratique du Congo (SCIFA). Une note officielle a \u00e9t\u00e9 publi\u00e9e hier jeudi 8 janvier.<\/p>\n\n\n\n<p>La d\u00e9signation du lieutenant-colonel Mak Hazukay \u00e0 ce poste fait suite \u00e0 la suspension du g\u00e9n\u00e9ral-major Sylvain Ekenge, apr\u00e8s des d\u00e9clarations controvers\u00e9es sur les femmes tutsies lors d&rsquo;une intervention sur les ondes de la Radiot\u00e9l\u00e9vision Nationale Congolaise (RTNC).<\/p>\n\n\n\n<p>Cette action disciplinaire avait \u00e9t\u00e9 salu\u00e9e par le Pr\u00e9sident F\u00e9lix Tshisekedi, estimant que de tels propos fragilisent la coh\u00e9sion nationale et sociale, alimentent des tensions \u00ab\u00a0inutiles\u00a0\u00bb et portent atteinte \u00e0 l&rsquo;image ainsi qu&rsquo;\u00e0 la cr\u00e9dibilit\u00e9 de l&rsquo;\u00c9tat.<\/p>\n\n\n\n<p>Avant sa nomination, le lieutenant-colonel Mak Hazukay \u00e9tait commandant adjoint en charge des op\u00e9rations et du renseignement au SCIFA. Il avait \u00e9galement occup\u00e9 les fonctions de porte-parole des op\u00e9rations Sokola 1 Grand Nord au Nord-Kivu et des op\u00e9rations conjointes FARDC-UPDF.<\/p>\n\n\n\n<p>Il est titulaire d&rsquo;une licence en sciences de l&rsquo;information et de la communication \u00e0 l&rsquo;IFASIC et a suivi des formations militaires et d&rsquo;officiers, ainsi qu&rsquo;un stage de parachutiste en Chine et au Maroc.<\/p>\n","protected":false},"excerpt":{"rendered":"<p>Par Thony Kambila Le chef d&rsquo;\u00e9tat-major g\u00e9n\u00e9ral des Forces arm\u00e9es de la R\u00e9publique D\u00e9mocratique du Congo (FARDC) a nomm\u00e9 le lieutenant-colonel Mak Hazukay porte-parole int\u00e9rimaire de l&rsquo;arm\u00e9e et ?commandant du Service de Communication et d&rsquo;Information des Forces arm\u00e9es de la R\u00e9publique D\u00e9mocratique du Congo (SCIFA). Une note officielle a \u00e9t\u00e9 publi\u00e9e hier jeudi 8 janvier. [&hellip;]<\/p>\n","protected":false},"author":1,"featured_media":75387,"comment_status":"closed","ping_status":"closed","sticky":false,"template":"","format":"standard","meta":{"footnotes":""},"categories":[136,134,130,5],"tags":[],"class_list":["post-75386","post","type-post","status-publish","format-standard","has-post-thumbnail","hentry","category-a-la-une","category-la-tempete-des-tropiques","category-nation","category-politique"],"_links":{"self":[{"href":"https:\/\/www.latempete.info\/index.php?rest_route=\/wp\/v2\/posts\/75386"}],"collection":[{"href":"https:\/\/www.latempete.info\/index.php?rest_route=\/wp\/v2\/posts"}],"about":[{"href":"https:\/\/www.latempete.info\/index.php?rest_route=\/wp\/v2\/types\/post"}],"author":[{"embeddable":true,"href":"https:\/\/www.latempete.info\/index.php?rest_route=\/wp\/v2\/users\/1"}],"replies":[{"embeddable":true,"href":"https:\/\/www.latempete.info\/index.php?rest_route=%2Fwp%2Fv2%2Fcomments&post=75386"}],"version-history":[{"count":1,"href":"https:\/\/www.latempete.info\/index.php?rest_route=\/wp\/v2\/posts\/75386\/revisions"}],"predecessor-version":[{"id":75388,"href":"https:\/\/www.latempete.info\/index.php?rest_route=\/wp\/v2\/posts\/75386\/revisions\/75388"}],"wp:featuredmedia":[{"embeddable":true,"href":"https:\/\/www.latempete.info\/index.php?rest_route=\/wp\/v2\/media\/75387"}],"wp:attachment":[{"href":"https:\/\/www.latempete.info\/index.php?rest_route=%2Fwp%2Fv2%2Fmedia&parent=75386"}],"wp:term":[{"taxonomy":"category","embeddable":true,"href":"https:\/\/www.latempete.info\/index.php?rest_route=%2Fwp%2Fv2%2Fcategories&post=75386"},{"taxonomy":"post_tag","embeddable":true,"href":"https:\/\/www.latempete.info\/index.php?rest_route=%2Fwp%2Fv2%2Ftags&post=75386"}],"curies":[{"name":"wp","href":"https:\/\/api.w.org\/{rel}","templated":true}]}}