{"id":76014,"date":"2026-02-20T23:50:10","date_gmt":"2026-02-20T23:50:10","guid":{"rendered":"https:\/\/www.latempete.info\/?p=76014"},"modified":"2026-02-20T23:50:20","modified_gmt":"2026-02-20T23:50:20","slug":"lancee-lors-de-la-fete-du-mercredi-des-cendres-le-careme-des-chretiens-catholiques-a-demarre-le-18-fevrier","status":"publish","type":"post","link":"https:\/\/www.latempete.info\/?p=76014","title":{"rendered":"Lanc\u00e9e lors de la f\u00eate du Mercredi des Cendres : Le car\u00eame des Chr\u00e9tiens catholiques a d\u00e9marr\u00e9 le 18 f\u00e9vrier"},"content":{"rendered":"\n<p>Par Thony Kambila<\/p>\n\n\n\n<p>Les chr\u00e9tiens catholiques du monde entier ont c\u00e9l\u00e9br\u00e9, mercredi 18 f\u00e9vrier, le Mercredi des Cendres. Cette c\u00e9r\u00e9monie se d\u00e9finit comme le jour d&rsquo;une c\u00e9l\u00e9bration religieuse qui marque l&rsquo;entr\u00e9e des chr\u00e9tiens en Car\u00eame. Du latin Dies cinerum (jour des cendres), il repr\u00e9sente le premier jour de p\u00e9nitence et de je\u00fbne. Lors de la messe c\u00e9l\u00e9br\u00e9e ce jour-l\u00e0, le pr\u00eatre b\u00e9nit les cendres des rameaux br\u00fbl\u00e9s l&rsquo;ann\u00e9e pr\u00e9c\u00e9dente, puis marque d&rsquo;une croix de cendres le front des croyants. En m\u00eame temps qu&rsquo;il trace la croix, le pr\u00eatre cite : \u00a0\u00bb Souviens-toi que tu es poussi\u00e8re et que tu redeviendras poussi\u00e8re \u00ab\u00a0. Il invite ainsi le fid\u00e8le \u00e0 se souvenir de sa fragilit\u00e9 d&rsquo;\u00eatre humain et \u00e0 se repentir.<\/p>\n\n\n\n<p>Origine du Mercredi des Cendres<\/p>\n\n\n\n<p>A l&rsquo;origine, ce rituel provient d&rsquo;une ancienne pratique p\u00e9nitentielle, appliqu\u00e9e par le peuple h\u00e9breu. On trouve plusieurs r\u00e9f\u00e9rences \u00e0 cette pratique dans l&rsquo;Ancien Testament :<\/p>\n\n\n\n<ul class=\"wp-block-list\">\n<li>Gen\u00e8se (2, 7) \u00a0\u00bb Alors, le Seigneur Dieu modela l&rsquo;homme avec la poussi\u00e8re tir\u00e9e du sol ; il insuffla dans ses narines le souffle de vie, et l&rsquo;homme devint un \u00eatre vivant. \u00ab\u00a0<\/li>\n\n\n\n<li>Jonas (3, 6) \u00a0\u00bb La chose arriva jusqu&rsquo;au roi de Ninive. Il se leva de son tr\u00f4ne, quitta son manteau, se couvrit d&rsquo;une toile \u00e0 sac, et s&rsquo;assit sur la cendre. \u00ab\u00a0<\/li>\n\n\n\n<li>J\u00e9r\u00e9my (6, 26) \u00a0\u00bb \u00d4 fille de mon peuple, rev\u00eats-toi de sac et roule-toi dans la cendre ! Prends le deuil comme pour un fils unique. \u00ab\u00a0<\/li>\n<\/ul>\n\n\n\n<p>Chez les premiers chr\u00e9tiens<\/p>\n\n\n\n<p>\u00c0 partir du IVe si\u00e8cle, certaines \u00e9glises appliquent ce rite afin de marquer le d\u00e9but d&rsquo;un chemin de p\u00e9nitence pour les personnes rendues coupables de p\u00e9ch\u00e9s graves (apostasie, meurtre, h\u00e9r\u00e9sie, adult\u00e8re). Recouvertes de cendres (et donc reconnaissables), celles-ci sont excommuni\u00e9es temporairement de l&rsquo;\u00c9glise et doivent observer un temps de p\u00e9nitence. Elles re\u00e7oivent ensuite l&rsquo;absolution lors du Jeudi Saint.<\/p>\n\n\n\n<p>Jusqu&rsquo;au Moyen-\u00c2ge, le rite d&rsquo;imposition des cendres est public. Il concerne uniquement les p\u00e9nitents qui doivent respecter une p\u00e9riode de quarante jours et durant laquelle ils sont exclus de la communaut\u00e9 chr\u00e9tienne, avant d&rsquo;\u00eatre r\u00e9int\u00e9gr\u00e9s \u00e0 P\u00e2ques.<\/p>\n\n\n\n<p>Du car\u00eame \u00e0 P\u00e2ques : un rite devenu priv\u00e9 et personnel<\/p>\n\n\n\n<p>\u00c0 partir du XIe si\u00e8cle, la pratique s&rsquo;\u00e9tend \u00e0 l&rsquo;ensemble des fid\u00e8les. Marqu\u00e9s au front par la croix de cendres, les croyants sont d&rsquo;abord invit\u00e9s \u00e0 se confesser, puis \u00e0 entreprendre un chemin personnel de repentance. Depuis, la r\u00e9forme liturgique instigu\u00e9e par le Concile Vatican II, le rite prend une autre tournure : \u00a0\u00bb Convertissez-vous et croyez \u00e0 l&rsquo;\u00c9vangile \u00a0\u00bb (Mc 1, 15). Pendant toute la p\u00e9riode du Car\u00eame, les chr\u00e9tiens suivent une voie de conversion, de pri\u00e8re et de retour \u00e0 Dieu.<\/p>\n\n\n\n<p>Le Mercredi des Cendres est toujours c\u00e9l\u00e9br\u00e9 le lendemain du Mardi Gras.<\/p>\n\n\n\n<p>Pour les \u00c9glises d&rsquo;Orient, le d\u00e9but du Car\u00eame a lieu quarante-huit jours avant P\u00e2ques et commence lors du Lundi Pur.<\/p>\n\n\n\n<p>Le sens du Mercredi des Cendres ?<\/p>\n\n\n\n<p>Le geste de l&rsquo;imposition des cendres est un signe ext\u00e9rieur v\u00e9cu en communaut\u00e9, c&rsquo;est-\u00e0-dire en \u00c9glise. La communaut\u00e9 des fid\u00e8les repr\u00e9sente les membres d&rsquo;un m\u00eame corps, celui du Christ. Elle est aussi le lieu d&rsquo;exercice de la vertu de charit\u00e9. Tous, baptis\u00e9s ou cat\u00e9chum\u00e8nes, se voient donc convi\u00e9s \u00e0 se souvenir ensemble de l&rsquo;Alliance qui les unit \u00e0 leur Cr\u00e9ateur et Sauveur.<\/p>\n\n\n\n<p>Le rite liturgique du Mercredi des Cendres est une invitation \u00e0 la l&rsquo;esp\u00e9rance en la mis\u00e9ricorde de Dieu. Il repr\u00e9sente une forme d&rsquo;appel \u00e0 se mettre \u00e0 l&rsquo;\u00e9coute de la parole, c&rsquo;est un peu comme un programme de conversion pour les quarante jours \u00e0 venir.<\/p>\n\n\n\n<p>Textes lus lors du Mercredi des Cendres<\/p>\n\n\n\n<ol class=\"wp-block-list\">\n<li>Invitation \u00e0 se convertir. 1\u00e8re lecture : D\u00e9chirez vos c\u0153urs et non vos v\u00eatements et revenez au Seigneur votre Dieu, car il est tendre et mis\u00e9ricordieux (JL2, 18-18).<\/li>\n\n\n\n<li>Invitation \u00e0 la p\u00e9nitence. Psaume: Piti\u00e9, Seigneur, car nous avons p\u00e9ch\u00e9 (Ps 50,3-4-6ab, 1).<\/li>\n<\/ol>\n","protected":false},"excerpt":{"rendered":"<p>Par Thony Kambila Les chr\u00e9tiens catholiques du monde entier ont c\u00e9l\u00e9br\u00e9, mercredi 18 f\u00e9vrier, le Mercredi des Cendres. Cette c\u00e9r\u00e9monie se d\u00e9finit comme le jour d&rsquo;une c\u00e9l\u00e9bration religieuse qui marque l&rsquo;entr\u00e9e des chr\u00e9tiens en Car\u00eame. Du latin Dies cinerum (jour des cendres), il repr\u00e9sente le premier jour de p\u00e9nitence et de je\u00fbne. Lors de la [&hellip;]<\/p>\n","protected":false},"author":1,"featured_media":0,"comment_status":"closed","ping_status":"closed","sticky":false,"template":"","format":"standard","meta":{"footnotes":""},"categories":[134,36,10],"tags":[],"class_list":["post-76014","post","type-post","status-publish","format-standard","hentry","category-la-tempete-des-tropiques","category-religion","category-societe"],"_links":{"self":[{"href":"https:\/\/www.latempete.info\/index.php?rest_route=\/wp\/v2\/posts\/76014"}],"collection":[{"href":"https:\/\/www.latempete.info\/index.php?rest_route=\/wp\/v2\/posts"}],"about":[{"href":"https:\/\/www.latempete.info\/index.php?rest_route=\/wp\/v2\/types\/post"}],"author":[{"embeddable":true,"href":"https:\/\/www.latempete.info\/index.php?rest_route=\/wp\/v2\/users\/1"}],"replies":[{"embeddable":true,"href":"https:\/\/www.latempete.info\/index.php?rest_route=%2Fwp%2Fv2%2Fcomments&post=76014"}],"version-history":[{"count":1,"href":"https:\/\/www.latempete.info\/index.php?rest_route=\/wp\/v2\/posts\/76014\/revisions"}],"predecessor-version":[{"id":76015,"href":"https:\/\/www.latempete.info\/index.php?rest_route=\/wp\/v2\/posts\/76014\/revisions\/76015"}],"wp:attachment":[{"href":"https:\/\/www.latempete.info\/index.php?rest_route=%2Fwp%2Fv2%2Fmedia&parent=76014"}],"wp:term":[{"taxonomy":"category","embeddable":true,"href":"https:\/\/www.latempete.info\/index.php?rest_route=%2Fwp%2Fv2%2Fcategories&post=76014"},{"taxonomy":"post_tag","embeddable":true,"href":"https:\/\/www.latempete.info\/index.php?rest_route=%2Fwp%2Fv2%2Ftags&post=76014"}],"curies":[{"name":"wp","href":"https:\/\/api.w.org\/{rel}","templated":true}]}}