{"id":76101,"date":"2026-02-26T19:28:35","date_gmt":"2026-02-26T19:28:35","guid":{"rendered":"https:\/\/www.latempete.info\/?p=76101"},"modified":"2026-02-26T19:30:41","modified_gmt":"2026-02-26T19:30:41","slug":"a-travers-les-futures-cliniques-universitaires-qui-porteront-son-nom-la-premiere-ministre-judith-suminwa-immortalisee-au-kongo-central","status":"publish","type":"post","link":"https:\/\/www.latempete.info\/?p=76101","title":{"rendered":"A travers les futures cliniques universitaires qui porteront son nom : La Premi\u00e8re ministre Judith Suminwa immortalis\u00e9e au Kongo Central"},"content":{"rendered":"\n<p>Par Dieudonn\u00e9 Muaka Dimbi<\/p>\n\n\n\n<p>C&rsquo;est pour la toute premi\u00e8re fois qu&rsquo;une une femme dirige le Gouvernement central en R\u00e9publique D\u00e9mocratique du Congo \u00e0 travers la personne de Mme Judith Suminwa Tuluka. Un choix voulu par le Pr\u00e9sident de la R\u00e9publique, F\u00e9lix Antoine Tshisekedi Tshilombo.<\/p>\n\n\n\n<p>Reconnue pour ses comp\u00e9tences et son parcours dans la gestion de la chose publique, cette femme originaire du Kongo Central s&rsquo;est d\u00e9j\u00e0 illustr\u00e9e \u00e0 la t\u00eate du minist\u00e8re national du Plan, un portefeuille strat\u00e9gique pour le d\u00e9veloppement du pays. Son accession \u00e0 la Primature, depuis pr\u00e8s de deux ans, est per\u00e7ue par plusieurs observateurs comme un signal fort en faveur de la promotion du leadership f\u00e9minin en RDC.<\/p>\n\n\n\n<p>C&rsquo;est dans ce cadre que la communaut\u00e9 Ne Kongo a d\u00e9cid\u00e9 de l&rsquo;immortaliser en donnant son nom aux futures Cliniques universitaires de l&rsquo;Universit\u00e9 Kongo. Cette d\u00e9cision vise \u00e0 marquer son passage \u00e0 la t\u00eate du gouvernement, en tant que premi\u00e8re femme congolaise \u00e0 occuper cette haute fonction.<\/p>\n\n\n\n<p>C&rsquo;est aussi une fa\u00e7on de saluer son implication dans le lancement du projet de construction de ces cliniques universitaires.<br>Selon le recteur de l&rsquo;Universit\u00e9 Kongo, le professeur Germain Khuna Maba, ce projet s&rsquo;inscrit dans une vision ambitieuse de modernisation du syst\u00e8me sanitaire et de l&rsquo;am\u00e9lioration de la formation m\u00e9dicale au Kongo Central.<\/p>\n\n\n\n<p>Ces infrastructures offriront aux \u00e9tudiants en m\u00e9decine de cet \u00e9tablissement la possibilit\u00e9 d&rsquo;effectuer leurs stages et formations pratiques sans devoir se rendre \u00e0 Kinshasa ou dans d&rsquo;autres provinces du pays.<\/p>\n\n\n\n<p>A noter que ces futures cliniques, d&rsquo;une capacit\u00e9 d&rsquo;accueil estim\u00e9e \u00e0 3.000 lits, comprendront plusieurs services m\u00e9dicaux sp\u00e9cialis\u00e9s, un grand laboratoire destin\u00e9 notamment \u00e0 promouvoir une forme d&rsquo;autonomie pharmaceutique, ainsi qu&rsquo;un vaste complexe m\u00e9dical. La r\u00e9alisation compl\u00e8te du projet est pr\u00e9vue sur une p\u00e9riode de cinq ans, pour un co\u00fbt global estim\u00e9 \u00e0 50 millions de dollars am\u00e9ricains.<\/p>\n\n\n\n<p>Sauf impr\u00e9vu, la premi\u00e8re phase des travaux devrait s&rsquo;achever dans un d\u00e9lai d&rsquo;un an et demi. Cette phase est estim\u00e9e \u00e0 6,7 millions de dollars am\u00e9ricains, auxquels s&rsquo;ajoutent 2,5 millions de dollars pour l&rsquo;acquisition d&rsquo;\u00e9quipements m\u00e9dicaux.<\/p>\n\n\n\n<p>Contents de ce projet \u00e0 grand impact social, les habitants du Kongo Central r\u00e9affirment leur soutien ind\u00e9fectible au Chef de l&rsquo;Etat et leur engagement \u00e0 accompagner les actions entreprises en faveur du d\u00e9veloppement, de la stabilisation et de la pacification du pays.<\/p>\n\n\n\n<p><\/p>\n","protected":false},"excerpt":{"rendered":"<p>Par Dieudonn\u00e9 Muaka Dimbi C&rsquo;est pour la toute premi\u00e8re fois qu&rsquo;une une femme dirige le Gouvernement central en R\u00e9publique D\u00e9mocratique du Congo \u00e0 travers la personne de Mme Judith Suminwa Tuluka. Un choix voulu par le Pr\u00e9sident de la R\u00e9publique, F\u00e9lix Antoine Tshisekedi Tshilombo. Reconnue pour ses comp\u00e9tences et son parcours dans la gestion de [&hellip;]<\/p>\n","protected":false},"author":1,"featured_media":76102,"comment_status":"closed","ping_status":"closed","sticky":false,"template":"","format":"standard","meta":{"footnotes":""},"categories":[134,25,122,10],"tags":[],"class_list":["post-76101","post","type-post","status-publish","format-standard","has-post-thumbnail","hentry","category-la-tempete-des-tropiques","category-province","category-sante","category-societe"],"_links":{"self":[{"href":"https:\/\/www.latempete.info\/index.php?rest_route=\/wp\/v2\/posts\/76101"}],"collection":[{"href":"https:\/\/www.latempete.info\/index.php?rest_route=\/wp\/v2\/posts"}],"about":[{"href":"https:\/\/www.latempete.info\/index.php?rest_route=\/wp\/v2\/types\/post"}],"author":[{"embeddable":true,"href":"https:\/\/www.latempete.info\/index.php?rest_route=\/wp\/v2\/users\/1"}],"replies":[{"embeddable":true,"href":"https:\/\/www.latempete.info\/index.php?rest_route=%2Fwp%2Fv2%2Fcomments&post=76101"}],"version-history":[{"count":1,"href":"https:\/\/www.latempete.info\/index.php?rest_route=\/wp\/v2\/posts\/76101\/revisions"}],"predecessor-version":[{"id":76103,"href":"https:\/\/www.latempete.info\/index.php?rest_route=\/wp\/v2\/posts\/76101\/revisions\/76103"}],"wp:featuredmedia":[{"embeddable":true,"href":"https:\/\/www.latempete.info\/index.php?rest_route=\/wp\/v2\/media\/76102"}],"wp:attachment":[{"href":"https:\/\/www.latempete.info\/index.php?rest_route=%2Fwp%2Fv2%2Fmedia&parent=76101"}],"wp:term":[{"taxonomy":"category","embeddable":true,"href":"https:\/\/www.latempete.info\/index.php?rest_route=%2Fwp%2Fv2%2Fcategories&post=76101"},{"taxonomy":"post_tag","embeddable":true,"href":"https:\/\/www.latempete.info\/index.php?rest_route=%2Fwp%2Fv2%2Ftags&post=76101"}],"curies":[{"name":"wp","href":"https:\/\/api.w.org\/{rel}","templated":true}]}}