{"id":76139,"date":"2026-03-02T12:34:42","date_gmt":"2026-03-02T12:34:42","guid":{"rendered":"https:\/\/www.latempete.info\/?p=76139"},"modified":"2026-03-02T12:35:13","modified_gmt":"2026-03-02T12:35:13","slug":"la-ceni-publie-le-calendrier-de-lelection-du-gouverneur-et-du-vice-gouverneur-du-sankuru","status":"publish","type":"post","link":"https:\/\/www.latempete.info\/?p=76139","title":{"rendered":"La CENI publie le calendrier de l&rsquo;\u00e9lection du Gouverneur et du Vice-Gouverneur du Sankuru"},"content":{"rendered":"\n<p>Par DMK<\/p>\n\n\n\n<p>La Commission \u00c9lectorale Nationale Ind\u00e9pendante (CENI) vient de publier la suite du chronogramme op\u00e9rationnel pour l&rsquo;\u00e9lection du Gouverneur et du Vice-Gouverneur de la province du Sankuru. Selon ce chronogramme repris dans un communiqu\u00e9 de presse publi\u00e9 le 24 f\u00e9vrier 2026 par la centrale \u00e9lectorale, l&rsquo;\u00e9lection du Gouverneur et du Vice-Gouverneur du Sankuru aura lieu le 7 avril prochain. Cela conform\u00e9ment au calendrier r\u00e9am\u00e9nag\u00e9 contenu dans la D\u00e9cision N\u00b0 003 de la CENI rendu public le 12 f\u00e9vrier dernier.En pr\u00e9vision de ce scrutin, La CENI annonce avoir cl\u00f4tur\u00e9, depuis le lundi 23 f\u00e9vrier 2026, \u00e0 16 h30, les op\u00e9rations de d\u00e9p\u00f4t de candidatures pour les deux postes.<\/p>\n\n\n\n<p>Publication de la liste provisoire des candidats le 4 mars 2026<\/p>\n\n\n\n<p>Selon le chronogramme, la publication de la liste provisoire des candidats pour les deux postes interviendra le 4 mars 2026. Mais avant cela, les personnes concern\u00e9es ont jusqu&rsquo;au 28 f\u00e9vrier 2026 pour retirer ou substituer les dossiers de candidatures pour les deux postes \u00e0 pourvoir.<\/p>\n\n\n\n<p>Une fois la liste provisoire des candidats publi\u00e9e, deux jours (6 et 7 mars) seront r\u00e9serv\u00e9s aux d\u00e9p\u00f4ts des recours en contestation de la liste provisoire de candidatures devant la Cour d&rsquo;Appel du Sankuru faisant office de Cour Administrative d&rsquo;Appel. Le traitement des contentieux de candidatures par cette juridiction d\u00e9butera le 9 mars pour se cl\u00f4turer le 15 mars. Et la publication de la liste d\u00e9finitive des candidatures interviendra le 23 mars.<\/p>\n\n\n\n<p>Accr\u00e9ditation des observateurs et des journalistes<\/p>\n\n\n\n<p>Le chronogramme r\u00e9am\u00e9nag\u00e9 accorde 28 jours (du 4 au 31 mars) pour l&rsquo;accr\u00e9ditation des observateurs et des journalistes aupr\u00e8s du Secr\u00e9tariat ex\u00e9cutif de la CENI\/Lusambo, chef-lieu de la province du Sankuru.<\/p>\n\n\n\n<p>Quant \u00e0 l&rsquo;accr\u00e9ditation des t\u00e9moins, elle est pr\u00e9vue du 24 au 31 mars. La campagne \u00e9lectorale se fera en trois jours, soit du 3 au 5 avril 2026.<br>C&rsquo;est le 7 avril que les d\u00e9put\u00e9s provinciaux du Sankuru seront appel\u00e9s aux urnes pour \u00e9lire le Gouverneur et le Vice-gouverneur. Les r\u00e9sultats provisoires seront publi\u00e9s le m\u00eame jour par l&rsquo;assembl\u00e9e pl\u00e9ni\u00e8re de la CENI, puis affich\u00e9s au bureau de vote. Les candidats malheureux auront 8 jours, soit du 9 au 16 avril, pour les recours \u00e9ventuels en contestation des r\u00e9sultats devant la Cour d&rsquo;Appel de Lusambo faisant office de Cour Administrative d&rsquo;Appel.<\/p>\n\n\n\n<p>Le traitement de ces contentieux devant la Cour d&rsquo;Appel s&rsquo;\u00e9tendra sur 7 jours, avant la proclamation des r\u00e9sultats d\u00e9finitifs pr\u00e9vue le 24 avril 2026.<\/p>\n","protected":false},"excerpt":{"rendered":"<p>Par DMK La Commission \u00c9lectorale Nationale Ind\u00e9pendante (CENI) vient de publier la suite du chronogramme op\u00e9rationnel pour l&rsquo;\u00e9lection du Gouverneur et du Vice-Gouverneur de la province du Sankuru. Selon ce chronogramme repris dans un communiqu\u00e9 de presse publi\u00e9 le 24 f\u00e9vrier 2026 par la centrale \u00e9lectorale, l&rsquo;\u00e9lection du Gouverneur et du Vice-Gouverneur du Sankuru aura [&hellip;]<\/p>\n","protected":false},"author":1,"featured_media":35415,"comment_status":"closed","ping_status":"closed","sticky":false,"template":"","format":"standard","meta":{"footnotes":""},"categories":[136,134,25,10],"tags":[],"class_list":["post-76139","post","type-post","status-publish","format-standard","has-post-thumbnail","hentry","category-a-la-une","category-la-tempete-des-tropiques","category-province","category-societe"],"_links":{"self":[{"href":"https:\/\/www.latempete.info\/index.php?rest_route=\/wp\/v2\/posts\/76139"}],"collection":[{"href":"https:\/\/www.latempete.info\/index.php?rest_route=\/wp\/v2\/posts"}],"about":[{"href":"https:\/\/www.latempete.info\/index.php?rest_route=\/wp\/v2\/types\/post"}],"author":[{"embeddable":true,"href":"https:\/\/www.latempete.info\/index.php?rest_route=\/wp\/v2\/users\/1"}],"replies":[{"embeddable":true,"href":"https:\/\/www.latempete.info\/index.php?rest_route=%2Fwp%2Fv2%2Fcomments&post=76139"}],"version-history":[{"count":1,"href":"https:\/\/www.latempete.info\/index.php?rest_route=\/wp\/v2\/posts\/76139\/revisions"}],"predecessor-version":[{"id":76140,"href":"https:\/\/www.latempete.info\/index.php?rest_route=\/wp\/v2\/posts\/76139\/revisions\/76140"}],"wp:featuredmedia":[{"embeddable":true,"href":"https:\/\/www.latempete.info\/index.php?rest_route=\/wp\/v2\/media\/35415"}],"wp:attachment":[{"href":"https:\/\/www.latempete.info\/index.php?rest_route=%2Fwp%2Fv2%2Fmedia&parent=76139"}],"wp:term":[{"taxonomy":"category","embeddable":true,"href":"https:\/\/www.latempete.info\/index.php?rest_route=%2Fwp%2Fv2%2Fcategories&post=76139"},{"taxonomy":"post_tag","embeddable":true,"href":"https:\/\/www.latempete.info\/index.php?rest_route=%2Fwp%2Fv2%2Ftags&post=76139"}],"curies":[{"name":"wp","href":"https:\/\/api.w.org\/{rel}","templated":true}]}}