{"id":76150,"date":"2026-03-02T13:06:53","date_gmt":"2026-03-02T13:06:53","guid":{"rendered":"https:\/\/www.latempete.info\/?p=76150"},"modified":"2026-03-02T13:07:04","modified_gmt":"2026-03-02T13:07:04","slug":"le-gouverneur-grace-bilolo-et-lanat-ont-echange-sur-le-projet-boma-ville-durable","status":"publish","type":"post","link":"https:\/\/www.latempete.info\/?p=76150","title":{"rendered":"Le gouverneur Gr\u00e2ce Bilolo et l&rsquo;ANAT ont \u00e9chang\u00e9 sur le projet \u00ab\u00a0Boma, ville durable\u00a0\u00bb"},"content":{"rendered":"\n<p>Par Dieudonn\u00e9 Muaka Dimbi<\/p>\n\n\n\n<p>En mission d&rsquo;itin\u00e9rance dans la province du Kongo Central, la Directrice G\u00e9n\u00e9rale de l&rsquo;Agence Nationale de l&rsquo;Am\u00e9nagement du Territoire (ANAT), Carine Oniembe, \u00e0 la t\u00eate d&rsquo;une forte d\u00e9l\u00e9gation, a \u00e9t\u00e9 re\u00e7ue en audience par le gouverneur Gr\u00e2ce Nkuanga Masuangi Bilolo.<\/p>\n\n\n\n<p>La rencontre, tenue en pr\u00e9sence des ministres provinciaux, dont celui en charge de l&rsquo;Am\u00e9nagement du territoire et du Plan, ainsi que des \u00e9lus nationaux de Boma, a \u00e9t\u00e9 essentiellement consacr\u00e9e aux questions strat\u00e9giques et politiques li\u00e9es \u00e0 la mise en \u0153uvre du projet structurant \u00ab\u00a0Boma, ville durable\u00a0\u00bb.<\/p>\n\n\n\n<p>Les \u00e9changes ont port\u00e9 sur les avanc\u00e9es d\u00e9j\u00e0 enregistr\u00e9es et sur les perspectives de ce programme ambitieux, destin\u00e9 \u00e0 transformer Boma, ancienne capitale de l&rsquo;Etat Ind\u00e9pendant du Congo, en un p\u00f4le de d\u00e9veloppement r\u00e9silient, moderne et respectueux des normes environnementales.<\/p>\n\n\n\n<p>Renforcement de la capacit\u00e9 de r\u00e9silience de la ville<\/p>\n\n\n\n<p>Selon la Directrice G\u00e9n\u00e9rale de l&rsquo;ANAT, ce projet vise \u00e0 renforcer la capacit\u00e9 de r\u00e9silience de la ville face aux effets du changement climatique. Parmi les actions prioritaires figurent notamment le curage de la rivi\u00e8re Kalamu, dont les d\u00e9bordements r\u00e9currents affectent de nombreuses familles ; la stabilisation des berges et l&rsquo;implication active de la population dans le processus d&rsquo;adaptation et de r\u00e9silience.<\/p>\n\n\n\n<p>Carine Oniembe a tenu, en outre, \u00e0 clarifier le concept de \u00ab\u00a0durable\u00a0\u00bb, pr\u00e9cisant qu&rsquo;il ne s&rsquo;agit pas n\u00e9cessairement de d\u00e9molition ou de reconstruire les infrastructures existantes, mais plut\u00f4t d&rsquo;apporter des solutions innovantes, de sensibiliser les communaut\u00e9s et de promouvoir un changement de mentalit\u00e9 face aux d\u00e9fis environnementaux.<\/p>\n\n\n\n<p>Appropriation collective et responsabilit\u00e9 politique<\/p>\n\n\n\n<p>La s\u00e9ance s&rsquo;est poursuivie par une r\u00e9union \u00e9largie dans la grande salle du gouvernorat \u00e0 Matadi, regroupant les d\u00e9l\u00e9gu\u00e9s de l&rsquo;ANAT, les d\u00e9put\u00e9s nationaux de Boma, notamment Marie Jos\u00e9 Niongo Nsuami et Nickolson Fils Longo, ainsi que les ministres provinciaux et d&rsquo;autres partenaires.<\/p>\n\n\n\n<p>L&rsquo;objectif affich\u00e9 \u00e9tait de favoriser une appropriation collective du projet afin d&rsquo;en assurer la r\u00e9ussite et d&rsquo;en maximiser les retomb\u00e9es socio-\u00e9conomiques pour la province.<br>Les intervenants ont insist\u00e9 sur le r\u00f4le central des parlementaires dans la vulgarisation du projet aupr\u00e8s de la population. La d\u00e9put\u00e9e Marie Jos\u00e9 Niongo Nsuami a, quant \u00e0 elle, soulign\u00e9 l&rsquo;importance de l&rsquo;implication citoyenne, estimant que toute initiative men\u00e9e sans associer les b\u00e9n\u00e9ficiaires, risque de susciter incompr\u00e9hension et m\u00e9fiance. Elle s&rsquo;est, par ailleurs, engag\u00e9e \u00e0 suivre, avec son coll\u00e8gue, l&rsquo;\u00e9volution du projet depuis son lancement, appelant la population \u00e0 la patience, le processus \u00e9tant progressif.<\/p>\n\n\n\n<p>Implantation de l&rsquo;ANAT au Kongo Central<\/p>\n\n\n\n<p>Apr\u00e8s l&rsquo;\u00e9tape de Matadi, la d\u00e9l\u00e9gation s&rsquo;est rendue \u00e0 Boma pour visiter les sites retenus dans le cadre des travaux \u00e0 financer.<br>A cette occasion, la Directrice G\u00e9n\u00e9rale de l&rsquo;ANAT a annonc\u00e9 l&rsquo;implantation prochaine d&rsquo;une antenne provinciale de l&rsquo;agence dans le Kongo Central. Cette repr\u00e9sentation aura pour mission d&rsquo;assurer un encadrement op\u00e9rationnel permanent et un suivi de proximit\u00e9 du projet.<\/p>\n","protected":false},"excerpt":{"rendered":"<p>Par Dieudonn\u00e9 Muaka Dimbi En mission d&rsquo;itin\u00e9rance dans la province du Kongo Central, la Directrice G\u00e9n\u00e9rale de l&rsquo;Agence Nationale de l&rsquo;Am\u00e9nagement du Territoire (ANAT), Carine Oniembe, \u00e0 la t\u00eate d&rsquo;une forte d\u00e9l\u00e9gation, a \u00e9t\u00e9 re\u00e7ue en audience par le gouverneur Gr\u00e2ce Nkuanga Masuangi Bilolo. La rencontre, tenue en pr\u00e9sence des ministres provinciaux, dont celui en [&hellip;]<\/p>\n","protected":false},"author":1,"featured_media":76151,"comment_status":"closed","ping_status":"closed","sticky":false,"template":"","format":"standard","meta":{"footnotes":""},"categories":[134,25,10],"tags":[],"class_list":["post-76150","post","type-post","status-publish","format-standard","has-post-thumbnail","hentry","category-la-tempete-des-tropiques","category-province","category-societe"],"_links":{"self":[{"href":"https:\/\/www.latempete.info\/index.php?rest_route=\/wp\/v2\/posts\/76150"}],"collection":[{"href":"https:\/\/www.latempete.info\/index.php?rest_route=\/wp\/v2\/posts"}],"about":[{"href":"https:\/\/www.latempete.info\/index.php?rest_route=\/wp\/v2\/types\/post"}],"author":[{"embeddable":true,"href":"https:\/\/www.latempete.info\/index.php?rest_route=\/wp\/v2\/users\/1"}],"replies":[{"embeddable":true,"href":"https:\/\/www.latempete.info\/index.php?rest_route=%2Fwp%2Fv2%2Fcomments&post=76150"}],"version-history":[{"count":1,"href":"https:\/\/www.latempete.info\/index.php?rest_route=\/wp\/v2\/posts\/76150\/revisions"}],"predecessor-version":[{"id":76152,"href":"https:\/\/www.latempete.info\/index.php?rest_route=\/wp\/v2\/posts\/76150\/revisions\/76152"}],"wp:featuredmedia":[{"embeddable":true,"href":"https:\/\/www.latempete.info\/index.php?rest_route=\/wp\/v2\/media\/76151"}],"wp:attachment":[{"href":"https:\/\/www.latempete.info\/index.php?rest_route=%2Fwp%2Fv2%2Fmedia&parent=76150"}],"wp:term":[{"taxonomy":"category","embeddable":true,"href":"https:\/\/www.latempete.info\/index.php?rest_route=%2Fwp%2Fv2%2Fcategories&post=76150"},{"taxonomy":"post_tag","embeddable":true,"href":"https:\/\/www.latempete.info\/index.php?rest_route=%2Fwp%2Fv2%2Ftags&post=76150"}],"curies":[{"name":"wp","href":"https:\/\/api.w.org\/{rel}","templated":true}]}}