{"id":76273,"date":"2026-03-09T13:20:53","date_gmt":"2026-03-09T13:20:53","guid":{"rendered":"https:\/\/www.latempete.info\/?p=76273"},"modified":"2026-03-09T13:20:58","modified_gmt":"2026-03-09T13:20:58","slug":"chicago-lhommage-de-felix-tshisekedi-au-reverend-jesse-jackson","status":"publish","type":"post","link":"https:\/\/www.latempete.info\/?p=76273","title":{"rendered":"Chicago : l\u2019hommage de F\u00e9lix Tshisekedi au R\u00e9v\u00e9rend Jesse Jackson"},"content":{"rendered":"\n<p>Par Carroll MADIYA<\/p>\n\n\n\n<p>Les Pr\u00e9sident de la R\u00e9publique, F\u00e9lix Antoine Tshisekedi Tshilombo a rendu hommage au R\u00e9v\u00e9rend Jesse Jackson. Proche de Martin Luther King Jr., Jesse Jackson a marqu\u00e9 la lutte pour la justice raciale aux \u00c9tats-Unis depuis les ann\u00e9es 60. En tant qu\u2019envoy\u00e9 sp\u00e9cial des USA pour l\u2019Afrique, il a jou\u00e9 un r\u00f4le significatif en RDC, marquant les esprits par ses \u00e9changes avec le leader de l\u2019opposition, \u00c9tienne Tshisekedi.<\/p>\n\n\n\n<p>La pr\u00e9sence de F\u00e9lix Tshisekedi \u00e0 Chicago souligne la reconnaissance de la RDC pour le combat de Jackson en faveur de la dignit\u00e9 des Noirs D\u00e9c\u00e9d\u00e9 le 17 f\u00e9vrier \u00e0 l\u2019\u00e2ge de 84 ans, le R\u00e9v\u00e9rend Jesse Jackson a men\u00e9 une vie remarquable et sa voix r\u00e9sonne encore aux quatre coins du monde.<\/p>\n\n\n\n<p>Un fils de l\u2019Afrique , un ami de la RDC<\/p>\n\n\n\n<p>Dans le cadre de la \u00ab Homegoing Celebration \u00bb (C\u00e9l\u00e9bration du retour \u00e0 la maison) du R\u00e9v\u00e9rend Jesse Jackson, tenue le samedi 7 mars 2 au si\u00e8ge de la Rainbow PUSH Coalition \u00e0 Chicago pour marquer un ultime hommage \u00e0 l\u2019ic\u00f4ne des droits civiques, le Chef de l\u2019\u00c9tat a rendu hommage \u00e0 \u00ab un fils de l\u2019Afrique, un ami de la R\u00e9publique d\u00e9mocratique du Congo\u00bb. <\/p>\n\n\n\n<p>Le R\u00e9v\u00e9rend Jesse Jackson n\u2019a pas h\u00e9sit\u00e9 \u00e0 se rendre dans notre pays \u00e0 des moments cruciaux, pour encourager la transition d\u00e9mocratique, promouvoir le dialogue et plaider pour la paix. Il s\u2019est investi dans la m\u00e9diation des conflits, s\u2019est pr\u00e9occup\u00e9 du sort des r\u00e9fugi\u00e9s et des personnes d\u00e9plac\u00e9es, en particulier dans l\u2019Est de notre pays, martyris\u00e9 par la guerre. \u00ab Son c\u00e9l\u00e8bre mantra, \u00abI am somebody\u00bb \u2013 Je suis quelqu\u2019un, restera comme l\u2019une des plus grandes proclamations morales de notre temps\u00bb.<\/p>\n","protected":false},"excerpt":{"rendered":"<p>Par Carroll MADIYA Les Pr\u00e9sident de la R\u00e9publique, F\u00e9lix Antoine Tshisekedi Tshilombo a rendu hommage au R\u00e9v\u00e9rend Jesse Jackson. Proche de Martin Luther King Jr., Jesse Jackson a marqu\u00e9 la lutte pour la justice raciale aux \u00c9tats-Unis depuis les ann\u00e9es 60. En tant qu\u2019envoy\u00e9 sp\u00e9cial des USA pour l\u2019Afrique, il a jou\u00e9 un r\u00f4le significatif [&hellip;]<\/p>\n","protected":false},"author":1,"featured_media":76274,"comment_status":"closed","ping_status":"closed","sticky":false,"template":"","format":"standard","meta":{"footnotes":""},"categories":[27,134,130,5],"tags":[],"class_list":["post-76273","post","type-post","status-publish","format-standard","has-post-thumbnail","hentry","category-internationale","category-la-tempete-des-tropiques","category-nation","category-politique"],"_links":{"self":[{"href":"https:\/\/www.latempete.info\/index.php?rest_route=\/wp\/v2\/posts\/76273"}],"collection":[{"href":"https:\/\/www.latempete.info\/index.php?rest_route=\/wp\/v2\/posts"}],"about":[{"href":"https:\/\/www.latempete.info\/index.php?rest_route=\/wp\/v2\/types\/post"}],"author":[{"embeddable":true,"href":"https:\/\/www.latempete.info\/index.php?rest_route=\/wp\/v2\/users\/1"}],"replies":[{"embeddable":true,"href":"https:\/\/www.latempete.info\/index.php?rest_route=%2Fwp%2Fv2%2Fcomments&post=76273"}],"version-history":[{"count":1,"href":"https:\/\/www.latempete.info\/index.php?rest_route=\/wp\/v2\/posts\/76273\/revisions"}],"predecessor-version":[{"id":76275,"href":"https:\/\/www.latempete.info\/index.php?rest_route=\/wp\/v2\/posts\/76273\/revisions\/76275"}],"wp:featuredmedia":[{"embeddable":true,"href":"https:\/\/www.latempete.info\/index.php?rest_route=\/wp\/v2\/media\/76274"}],"wp:attachment":[{"href":"https:\/\/www.latempete.info\/index.php?rest_route=%2Fwp%2Fv2%2Fmedia&parent=76273"}],"wp:term":[{"taxonomy":"category","embeddable":true,"href":"https:\/\/www.latempete.info\/index.php?rest_route=%2Fwp%2Fv2%2Fcategories&post=76273"},{"taxonomy":"post_tag","embeddable":true,"href":"https:\/\/www.latempete.info\/index.php?rest_route=%2Fwp%2Fv2%2Ftags&post=76273"}],"curies":[{"name":"wp","href":"https:\/\/api.w.org\/{rel}","templated":true}]}}