{"id":76399,"date":"2026-03-13T11:28:57","date_gmt":"2026-03-13T11:28:57","guid":{"rendered":"https:\/\/www.latempete.info\/?p=76399"},"modified":"2026-03-13T11:29:07","modified_gmt":"2026-03-13T11:29:07","slug":"kinshasa-reaffirme-son-engagement-a-proteger-les-civils","status":"publish","type":"post","link":"https:\/\/www.latempete.info\/?p=76399","title":{"rendered":"Kinshasa r\u00e9affirme son engagement \u00e0 prot\u00e9ger les civils"},"content":{"rendered":"\n<p>Par LM<\/p>\n\n\n\n<p>Le Gouvernement de la R\u00e9publique D\u00e9mocratique du Congo a r\u00e9agi aux explosions survenues mercredi 11 mars dans la ville de Goma, dans l&rsquo;Est du pays. Dans un communiqu\u00e9 officiel publi\u00e9 \u00e0 Kinshasa, les autorit\u00e9s affirment suivre la situation de pr\u00e8s et r\u00e9it\u00e8rent leur attachement au respect du droit international humanitaire.<\/p>\n\n\n\n<p>Selon ce communiqu\u00e9, ces explosions ont caus\u00e9 des pertes en vies humaines ainsi que d&rsquo;importants d\u00e9g\u00e2ts mat\u00e9riels. Parmi les victimes figure Karine Buisset, ressortissante fran\u00e7aise et employ\u00e9e de l&rsquo;UNICEF en RDC. Le Gouvernement congolais a exprim\u00e9 sa profonde tristesse et pr\u00e9sent\u00e9 ses condol\u00e9ances \u00e0 la famille de la victime, \u00e0 ses proches, au gouvernement de France ainsi qu&rsquo;\u00e0 l&rsquo;ensemble de la communaut\u00e9 humanitaire.<\/p>\n\n\n\n<p>Les autorit\u00e9s congolaises ont \u00e9galement salu\u00e9 l&rsquo;engagement des acteurs humanitaires qui continuent d&rsquo;apporter assistance aux populations civiles malgr\u00e9 un contexte s\u00e9curitaire particuli\u00e8rement difficile dans l&rsquo;Est du pays. Le Gouvernement indique que les circonstances exactes de ces explosions, survenues dans des zones sous occupation, font actuellement l&rsquo;objet d&rsquo;enqu\u00eates par les services comp\u00e9tents afin d&rsquo;\u00e9tablir les responsabilit\u00e9s.<\/p>\n\n\n\n<p>Dans son communiqu\u00e9, Kinshasa r\u00e9affirme son attachement au respect du droit international humanitaire, notamment en ce qui concerne la protection des populations civiles et du personnel humanitaire op\u00e9rant sur l&rsquo;ensemble du territoire national. Enfin, les autorit\u00e9s congolaises estiment que la protection durable des civils passe notamment par le retrait des troupes du Rwanda et de leurs alli\u00e9s du Mouvement du 23 Mars (M23) des zones qu&rsquo;ils occupent dans l&rsquo;Est de la RDC, ainsi que par la restauration de l&rsquo;autorit\u00e9 de l&rsquo;\u00c9tat sur l&rsquo;ensemble du territoire national. Le Gouvernement assure par ailleurs vouloir travailler avec les Nations Unies et ses partenaires afin de faire toute la lumi\u00e8re sur ces incidents et renforcer la protection des populations civiles.<\/p>\n","protected":false},"excerpt":{"rendered":"<p>Par LM Le Gouvernement de la R\u00e9publique D\u00e9mocratique du Congo a r\u00e9agi aux explosions survenues mercredi 11 mars dans la ville de Goma, dans l&rsquo;Est du pays. Dans un communiqu\u00e9 officiel publi\u00e9 \u00e0 Kinshasa, les autorit\u00e9s affirment suivre la situation de pr\u00e8s et r\u00e9it\u00e8rent leur attachement au respect du droit international humanitaire. Selon ce communiqu\u00e9, [&hellip;]<\/p>\n","protected":false},"author":1,"featured_media":76400,"comment_status":"closed","ping_status":"closed","sticky":false,"template":"","format":"standard","meta":{"footnotes":""},"categories":[136,134,25,10],"tags":[],"class_list":["post-76399","post","type-post","status-publish","format-standard","has-post-thumbnail","hentry","category-a-la-une","category-la-tempete-des-tropiques","category-province","category-societe"],"_links":{"self":[{"href":"https:\/\/www.latempete.info\/index.php?rest_route=\/wp\/v2\/posts\/76399"}],"collection":[{"href":"https:\/\/www.latempete.info\/index.php?rest_route=\/wp\/v2\/posts"}],"about":[{"href":"https:\/\/www.latempete.info\/index.php?rest_route=\/wp\/v2\/types\/post"}],"author":[{"embeddable":true,"href":"https:\/\/www.latempete.info\/index.php?rest_route=\/wp\/v2\/users\/1"}],"replies":[{"embeddable":true,"href":"https:\/\/www.latempete.info\/index.php?rest_route=%2Fwp%2Fv2%2Fcomments&post=76399"}],"version-history":[{"count":1,"href":"https:\/\/www.latempete.info\/index.php?rest_route=\/wp\/v2\/posts\/76399\/revisions"}],"predecessor-version":[{"id":76401,"href":"https:\/\/www.latempete.info\/index.php?rest_route=\/wp\/v2\/posts\/76399\/revisions\/76401"}],"wp:featuredmedia":[{"embeddable":true,"href":"https:\/\/www.latempete.info\/index.php?rest_route=\/wp\/v2\/media\/76400"}],"wp:attachment":[{"href":"https:\/\/www.latempete.info\/index.php?rest_route=%2Fwp%2Fv2%2Fmedia&parent=76399"}],"wp:term":[{"taxonomy":"category","embeddable":true,"href":"https:\/\/www.latempete.info\/index.php?rest_route=%2Fwp%2Fv2%2Fcategories&post=76399"},{"taxonomy":"post_tag","embeddable":true,"href":"https:\/\/www.latempete.info\/index.php?rest_route=%2Fwp%2Fv2%2Ftags&post=76399"}],"curies":[{"name":"wp","href":"https:\/\/api.w.org\/{rel}","templated":true}]}}