{"id":76402,"date":"2026-03-13T12:14:12","date_gmt":"2026-03-13T12:14:12","guid":{"rendered":"https:\/\/www.latempete.info\/?p=76402"},"modified":"2026-03-13T12:16:31","modified_gmt":"2026-03-13T12:16:31","slug":"a-cause-de-limplication-de-kigali-dans-le-conflit-a-lest-de-la-rdc-lue-met-fin-a-son-financement-au-rwanda","status":"publish","type":"post","link":"https:\/\/www.latempete.info\/?p=76402","title":{"rendered":"\u00c0 cause de l&rsquo;implication de Kigali dans le conflit \u00e0 l&rsquo;Est de la RDC : L&rsquo;UE met fin \u00e0 son financement au Rwanda"},"content":{"rendered":"\n<p>Par LM<\/p>\n\n\n\n<p>L&rsquo;Union europ\u00e9enne ne pr\u00e9voit pas de prolonger son financement accord\u00e9 au Rwanda pour ses op\u00e9rations militaires, notamment au Mozambique. Ce soutien, qui doit arriver \u00e0 \u00e9ch\u00e9ance en mai 2026, ne devrait pas \u00eatre renouvel\u00e9.<\/p>\n\n\n\n<p>D&rsquo;apr\u00e8s des informations rapport\u00e9es par Bloomberg, l&rsquo;Union europ\u00e9enne avait approuv\u00e9 en 2024 une aide de 20 millions d&rsquo;euros destin\u00e9e \u00e0 la Force de d\u00e9fense rwandaise d\u00e9ploy\u00e9e dans la province de Cabo Delgado, une r\u00e9gion strat\u00e9gique riche en ressources gazi\u00e8res. Ce financement, accord\u00e9 dans le cadre de la Facilit\u00e9 europ\u00e9enne pour la paix, visait principalement \u00e0 couvrir les d\u00e9penses li\u00e9es \u00e0 l&rsquo;\u00e9quipement personnel et \u00e0 la logistique des troupes engag\u00e9es dans les op\u00e9rations de d\u00e9stabilisation.<\/p>\n\n\n\n<p>La r\u00e9ticence des 27 \u00e0 prolonger ce soutien serait li\u00e9 \u00e0 l&rsquo;implication du Rwanda dans le conflit qui se d\u00e9roule dans l&rsquo;Est de la R\u00e9publique D\u00e9mocratique du Congo. Les sanctions am\u00e9ricaines visant certains responsables militaires rwandais p\u00e8seraient \u00e9galement dans cette d\u00e9cision. Selon Bloomberg, un porte-parole de l&rsquo;Union europ\u00e9enne a confirm\u00e9 que les mesures d&rsquo;assistance actuelles, adopt\u00e9es en 2022 et en 2024, \u00a0\u00bb expirent en mai 2026 \u00ab\u00a0, ajoutant que Bruxelles \u00a0\u00bb prend note des sanctions am\u00e9ricaines et en \u00e9value les implications \u00ab\u00a0.<\/p>\n\n\n\n<p>Par ailleurs, la situation s\u00e9curitaire au Mozambique reste fragile. Les militaires rwandais, d\u00e9ploy\u00e9s depuis 2021 pour s\u00e9curiser la province de Cabo Delgado, th\u00e9\u00e2tre d&rsquo;attaques r\u00e9p\u00e9t\u00e9es de groupes affili\u00e9s \u00e0 l&rsquo;organisation jihadiste \u00c9tat islamique, peinent encore \u00e0 stabiliser durablement cette r\u00e9gion. La stabilisation de cette zone demeure pourtant cruciale pour plusieurs projets \u00e9nerg\u00e9tiques majeurs, notamment celui men\u00e9 par le groupe \u00e9nerg\u00e9tique fran\u00e7ais Total Energies, qui y d\u00e9veloppe un vaste projet d&rsquo;exportation de gaz naturel liqu\u00e9fi\u00e9 estim\u00e9 \u00e0 environ 20 milliards de dollars.<\/p>\n","protected":false},"excerpt":{"rendered":"<p>Par LM L&rsquo;Union europ\u00e9enne ne pr\u00e9voit pas de prolonger son financement accord\u00e9 au Rwanda pour ses op\u00e9rations militaires, notamment au Mozambique. Ce soutien, qui doit arriver \u00e0 \u00e9ch\u00e9ance en mai 2026, ne devrait pas \u00eatre renouvel\u00e9. D&rsquo;apr\u00e8s des informations rapport\u00e9es par Bloomberg, l&rsquo;Union europ\u00e9enne avait approuv\u00e9 en 2024 une aide de 20 millions d&rsquo;euros destin\u00e9e [&hellip;]<\/p>\n","protected":false},"author":1,"featured_media":76108,"comment_status":"closed","ping_status":"closed","sticky":false,"template":"","format":"standard","meta":{"footnotes":""},"categories":[136,134,130,5],"tags":[],"class_list":["post-76402","post","type-post","status-publish","format-standard","has-post-thumbnail","hentry","category-a-la-une","category-la-tempete-des-tropiques","category-nation","category-politique"],"_links":{"self":[{"href":"https:\/\/www.latempete.info\/index.php?rest_route=\/wp\/v2\/posts\/76402"}],"collection":[{"href":"https:\/\/www.latempete.info\/index.php?rest_route=\/wp\/v2\/posts"}],"about":[{"href":"https:\/\/www.latempete.info\/index.php?rest_route=\/wp\/v2\/types\/post"}],"author":[{"embeddable":true,"href":"https:\/\/www.latempete.info\/index.php?rest_route=\/wp\/v2\/users\/1"}],"replies":[{"embeddable":true,"href":"https:\/\/www.latempete.info\/index.php?rest_route=%2Fwp%2Fv2%2Fcomments&post=76402"}],"version-history":[{"count":1,"href":"https:\/\/www.latempete.info\/index.php?rest_route=\/wp\/v2\/posts\/76402\/revisions"}],"predecessor-version":[{"id":76403,"href":"https:\/\/www.latempete.info\/index.php?rest_route=\/wp\/v2\/posts\/76402\/revisions\/76403"}],"wp:featuredmedia":[{"embeddable":true,"href":"https:\/\/www.latempete.info\/index.php?rest_route=\/wp\/v2\/media\/76108"}],"wp:attachment":[{"href":"https:\/\/www.latempete.info\/index.php?rest_route=%2Fwp%2Fv2%2Fmedia&parent=76402"}],"wp:term":[{"taxonomy":"category","embeddable":true,"href":"https:\/\/www.latempete.info\/index.php?rest_route=%2Fwp%2Fv2%2Fcategories&post=76402"},{"taxonomy":"post_tag","embeddable":true,"href":"https:\/\/www.latempete.info\/index.php?rest_route=%2Fwp%2Fv2%2Ftags&post=76402"}],"curies":[{"name":"wp","href":"https:\/\/api.w.org\/{rel}","templated":true}]}}