{"id":76404,"date":"2026-03-13T12:42:27","date_gmt":"2026-03-13T12:42:27","guid":{"rendered":"https:\/\/www.latempete.info\/?p=76404"},"modified":"2026-03-13T12:43:50","modified_gmt":"2026-03-13T12:43:50","slug":"pour-son-soutien-continue-aux-rebelles-du-m23-la-rdc-reclame-des-sanctions-de-lue-contre-le-rwanda","status":"publish","type":"post","link":"https:\/\/www.latempete.info\/?p=76404","title":{"rendered":"Pour son soutien continue aux rebelles du M23 : La RDC r\u00e9clame des sanctions de l&rsquo;UE contre le Rwanda"},"content":{"rendered":"\n<p>Par LM<\/p>\n\n\n\n<p>La ministre d&rsquo;\u00c9tat charg\u00e9e des Affaires \u00e9trang\u00e8res de la R\u00e9publique D\u00e9mocratique du Congo, Th\u00e9r\u00e8se Kayikwamba Wagner, a plaid\u00e9 pour une position plus ferme de l&rsquo;Union Europ\u00e9enne face au Rwanda, lors de son intervention hier jeudi 12 mars, devant les d\u00e9put\u00e9s du Parlement europ\u00e9en r\u00e9unis en session pl\u00e9ni\u00e8re \u00e0 Strasbourg. <\/p>\n\n\n\n<p>Au cours de son discours, la cheffe de la diplomatie congolaise a \u00e9voqu\u00e9 la d\u00e9gradation de la situation s\u00e9curitaire et humanitaire dans l&rsquo;Est du pays, marqu\u00e9e par la persistance des combats impliquant les rebelles du Mouvement du 23 Mars (M23) dans plusieurs zones de la province du Nord-Kivu. Elle a \u00e9galement pr\u00e9sent\u00e9 aux eurod\u00e9put\u00e9s les efforts diplomatiques entrepris par Kinshasa pour parvenir \u00e0 une solution pacifique au conflit, notamment \u00e0 travers les initiatives r\u00e9gionales et internationales de m\u00e9diation.<\/p>\n\n\n\n<p>Th\u00e9r\u00e8se Kayikwamba a par ailleurs abord\u00e9 l&rsquo;\u00e9tat de mise en \u0153uvre des accords de partenariat entre la RD Congo et l&rsquo;Union europ\u00e9enne, tout en \u00e9voquant les r\u00e9centes sanctions impos\u00e9es par les \u00c9tats-Unis contre le Rwanda. <\/p>\n\n\n\n<p>Dans ce contexte, elle a exhort\u00e9 l&rsquo;Union europ\u00e9enne \u00e0 adopter une position claire et ferme en prenant des mesures similaires contre Kigali, accus\u00e9 de soutenir les rebelles du M23. Selon elle, de telles sanctions contribueront \u00e0 accro\u00eetre la pression internationale afin de favoriser la d\u00e9sescalade des tensions et le retour de la stabilit\u00e9 dans l&rsquo;Est de la RDC.<\/p>\n","protected":false},"excerpt":{"rendered":"<p>Par LM La ministre d&rsquo;\u00c9tat charg\u00e9e des Affaires \u00e9trang\u00e8res de la R\u00e9publique D\u00e9mocratique du Congo, Th\u00e9r\u00e8se Kayikwamba Wagner, a plaid\u00e9 pour une position plus ferme de l&rsquo;Union Europ\u00e9enne face au Rwanda, lors de son intervention hier jeudi 12 mars, devant les d\u00e9put\u00e9s du Parlement europ\u00e9en r\u00e9unis en session pl\u00e9ni\u00e8re \u00e0 Strasbourg. Au cours de son [&hellip;]<\/p>\n","protected":false},"author":1,"featured_media":76405,"comment_status":"closed","ping_status":"closed","sticky":false,"template":"","format":"standard","meta":{"footnotes":""},"categories":[136,134,130,5],"tags":[],"class_list":["post-76404","post","type-post","status-publish","format-standard","has-post-thumbnail","hentry","category-a-la-une","category-la-tempete-des-tropiques","category-nation","category-politique"],"_links":{"self":[{"href":"https:\/\/www.latempete.info\/index.php?rest_route=\/wp\/v2\/posts\/76404"}],"collection":[{"href":"https:\/\/www.latempete.info\/index.php?rest_route=\/wp\/v2\/posts"}],"about":[{"href":"https:\/\/www.latempete.info\/index.php?rest_route=\/wp\/v2\/types\/post"}],"author":[{"embeddable":true,"href":"https:\/\/www.latempete.info\/index.php?rest_route=\/wp\/v2\/users\/1"}],"replies":[{"embeddable":true,"href":"https:\/\/www.latempete.info\/index.php?rest_route=%2Fwp%2Fv2%2Fcomments&post=76404"}],"version-history":[{"count":1,"href":"https:\/\/www.latempete.info\/index.php?rest_route=\/wp\/v2\/posts\/76404\/revisions"}],"predecessor-version":[{"id":76406,"href":"https:\/\/www.latempete.info\/index.php?rest_route=\/wp\/v2\/posts\/76404\/revisions\/76406"}],"wp:featuredmedia":[{"embeddable":true,"href":"https:\/\/www.latempete.info\/index.php?rest_route=\/wp\/v2\/media\/76405"}],"wp:attachment":[{"href":"https:\/\/www.latempete.info\/index.php?rest_route=%2Fwp%2Fv2%2Fmedia&parent=76404"}],"wp:term":[{"taxonomy":"category","embeddable":true,"href":"https:\/\/www.latempete.info\/index.php?rest_route=%2Fwp%2Fv2%2Fcategories&post=76404"},{"taxonomy":"post_tag","embeddable":true,"href":"https:\/\/www.latempete.info\/index.php?rest_route=%2Fwp%2Fv2%2Ftags&post=76404"}],"curies":[{"name":"wp","href":"https:\/\/api.w.org\/{rel}","templated":true}]}}