{"id":77153,"date":"2026-04-17T11:26:41","date_gmt":"2026-04-17T11:26:41","guid":{"rendered":"https:\/\/www.latempete.info\/?p=77153"},"modified":"2026-04-17T11:27:38","modified_gmt":"2026-04-17T11:27:38","slug":"nsele-affrontements-sanglants-entre-sinistres-de-pakadjuma-et-habitants-du-quartier-plaza-cnpp","status":"publish","type":"post","link":"https:\/\/www.latempete.info\/?p=77153","title":{"rendered":"Nsele : Affrontements sanglants entre sinistr\u00e9s de Pakadjuma et habitants du quartier Plaza\/CNPP"},"content":{"rendered":"\n<p>Par Armando MANANASI<\/p>\n\n\n\n<p>Une vive tension r\u00e8gne actuellement dans la commune de Nsele, o\u00f9 de violents affrontements ont oppos\u00e9 des sinistr\u00e9s relocalis\u00e9s de Pakadjuma et les habitants des quartiers Plaza et CNPP. Le bilan provisoire de ces heurts fait \u00e9tat de trois morts et une douzaine de bless\u00e9s, illustrant l&rsquo;extr\u00eame fragilit\u00e9 de la cohabitation entre ces deux communaut\u00e9s. <\/p>\n\n\n\n<p>\u00c0 l&rsquo;origine de ce d\u00e9cha\u00eenement de violences, l&rsquo;exasp\u00e9ration croissante des habitants de Plaza et CNPP devant la flamb\u00e9e dec l&rsquo;ins\u00e9curit\u00e9 observ\u00e9e dans ces quartiers depuis que l&rsquo;h\u00f4tel de ville de Kinshasa est venu y installer les sans-abris d\u00e9guerpis de Pakadjuma. Selon plusieurs t\u00e9moignages des r\u00e9sidents, la multiplication des vols, agressions et autres actes de banditisme aurait transform\u00e9 leur environnement quotidien en une zone de non-droit, poussant m\u00eame certaines familles \u00e0 abandonner leurs habitations pour aller chercher refuge ailleurs.<\/p>\n\n\n\n<p>Une relocalisation sous haute tension<\/p>\n\n\n\n<p>Ces affrontements mettent en lumi\u00e8re les d\u00e9fis logistiques et s\u00e9curitaires li\u00e9s \u00e0 la gestion des populations sinistr\u00e9es \u00e0 Kinshasa. Pour les r\u00e9sidents de longue date de Nsele, l&rsquo;installation de ces nouveaux occupants s&rsquo;est faite sans mesures d&rsquo;accompagnement suffisantes pour garantir l&rsquo;ordre public. En l&rsquo;absence d&rsquo;une pr\u00e9sence polici\u00e8re renforc\u00e9e et d&rsquo;un encadrement ad\u00e9quat, le ressentiment a fini par c\u00e9der la place \u00e0 une confrontation physique meurtri\u00e8re. Chaque camp tentant de d\u00e9fendre ce qu&rsquo;il consid\u00e8re comme son droit \u00e0 la s\u00e9curit\u00e9 et \u00e0 la dignit\u00e9.<\/p>\n\n\n\n<p>Face \u00e0 cette situation explosive, les forces de l&rsquo;ordre ont \u00e9t\u00e9 d\u00e9ploy\u00e9es pour tenter de r\u00e9tablir un calme pr\u00e9caire. Toutefois, le malaise reste profond et le risque de nouvelles repr\u00e9sailles plane sur la commune. Les notables de Nsele ainsi que les organisations de la soci\u00e9t\u00e9 civile appellent les autorit\u00e9s urbaines \u00e0 une intervention urgente. Il ne s&rsquo;agit plus seulement de s\u00e9parer les bellig\u00e9rants, mais de trouver une solution p\u00e9renne \u00e0 ce conflit de voisinage qui menace de d\u00e9stabiliser durablement cette partie de la ville de Kinshasa.<\/p>\n","protected":false},"excerpt":{"rendered":"<p>Par Armando MANANASI Une vive tension r\u00e8gne actuellement dans la commune de Nsele, o\u00f9 de violents affrontements ont oppos\u00e9 des sinistr\u00e9s relocalis\u00e9s de Pakadjuma et les habitants des quartiers Plaza et CNPP. Le bilan provisoire de ces heurts fait \u00e9tat de trois morts et une douzaine de bless\u00e9s, illustrant l&rsquo;extr\u00eame fragilit\u00e9 de la cohabitation entre [&hellip;]<\/p>\n","protected":false},"author":1,"featured_media":77154,"comment_status":"closed","ping_status":"closed","sticky":false,"template":"","format":"standard","meta":{"footnotes":""},"categories":[136,134,25,10],"tags":[],"class_list":["post-77153","post","type-post","status-publish","format-standard","has-post-thumbnail","hentry","category-a-la-une","category-la-tempete-des-tropiques","category-province","category-societe"],"_links":{"self":[{"href":"https:\/\/www.latempete.info\/index.php?rest_route=\/wp\/v2\/posts\/77153"}],"collection":[{"href":"https:\/\/www.latempete.info\/index.php?rest_route=\/wp\/v2\/posts"}],"about":[{"href":"https:\/\/www.latempete.info\/index.php?rest_route=\/wp\/v2\/types\/post"}],"author":[{"embeddable":true,"href":"https:\/\/www.latempete.info\/index.php?rest_route=\/wp\/v2\/users\/1"}],"replies":[{"embeddable":true,"href":"https:\/\/www.latempete.info\/index.php?rest_route=%2Fwp%2Fv2%2Fcomments&post=77153"}],"version-history":[{"count":1,"href":"https:\/\/www.latempete.info\/index.php?rest_route=\/wp\/v2\/posts\/77153\/revisions"}],"predecessor-version":[{"id":77155,"href":"https:\/\/www.latempete.info\/index.php?rest_route=\/wp\/v2\/posts\/77153\/revisions\/77155"}],"wp:featuredmedia":[{"embeddable":true,"href":"https:\/\/www.latempete.info\/index.php?rest_route=\/wp\/v2\/media\/77154"}],"wp:attachment":[{"href":"https:\/\/www.latempete.info\/index.php?rest_route=%2Fwp%2Fv2%2Fmedia&parent=77153"}],"wp:term":[{"taxonomy":"category","embeddable":true,"href":"https:\/\/www.latempete.info\/index.php?rest_route=%2Fwp%2Fv2%2Fcategories&post=77153"},{"taxonomy":"post_tag","embeddable":true,"href":"https:\/\/www.latempete.info\/index.php?rest_route=%2Fwp%2Fv2%2Ftags&post=77153"}],"curies":[{"name":"wp","href":"https:\/\/api.w.org\/{rel}","templated":true}]}}