{"id":77344,"date":"2026-04-28T14:32:03","date_gmt":"2026-04-28T14:32:03","guid":{"rendered":"https:\/\/www.latempete.info\/?p=77344"},"modified":"2026-04-28T14:32:06","modified_gmt":"2026-04-28T14:32:06","slug":"un-drone-rwandais-abattu-dans-le-sud-kivu-kinshasa-denonce-une-nouvelle-agression","status":"publish","type":"post","link":"https:\/\/www.latempete.info\/?p=77344","title":{"rendered":"Un drone rwandais abattu dans le Sud-Kivu : Kinshasa d\u00e9nonce une nouvelle agression"},"content":{"rendered":"\n<p>Par LM<\/p>\n\n\n\n<p>Les Forces Arm\u00e9es de la R\u00e9publique D\u00e9mocratique du Congo (FARDC) ont annonc\u00e9, dimanche 26 avril, avoir abattu un drone de type UAV appartenant \u00e0 l&rsquo;arm\u00e9e rwandaise. Le drone a \u00e9t\u00e9 abattu le samedi 25 avril dans les hauts plateaux de Minembwe, au point z\u00e9ro, en territoire de Fizi, dans la province du Sud-Kivu. Selon le communiqu\u00e9 officiel publi\u00e9 par l&rsquo;\u00e9tat-major g\u00e9n\u00e9ral des FARDC, l&rsquo;a\u00e9ronef effectuait une mission offensive visant \u00e0 la fois les positions militaires congolaises et les populations civiles. L&rsquo;arm\u00e9e congolaise affirme avoir neutralis\u00e9 cet engin en plein vol.<\/p>\n\n\n\n<p>Les FARDC qualifient cet acte de \u00a0\u00bb violation manifeste de l&rsquo;espace a\u00e9rien national \u00a0\u00bb et d\u00e9noncent une agression caract\u00e9ris\u00e9e contre la R\u00e9publique D\u00e9mocratique du Congo. Elles y voient \u00e9galement une tentative de d\u00e9stabilisation dans une zone d\u00e9j\u00e0 sous haute tension s\u00e9curitaire. L&rsquo;arm\u00e9e congolaise rappelle que des localit\u00e9s comme Mikenge, Kakenge et le point z\u00e9ro avaient r\u00e9cemment subi des tirs et bombardements attribu\u00e9s \u00e0 l&rsquo;arm\u00e9e rwandaise et \u00e0 ses alli\u00e9s, notamment les \u00e9l\u00e9ments de l&rsquo;Alliance Fleuve Congo\/Mouvement du 23 Mars (AFC\/M23).<\/p>\n\n\n\n<p>Kinshasa estime que ces actions r\u00e9p\u00e9t\u00e9es remettent en cause les engagements pris dans le cadre des initiatives de d\u00e9sescalade, notamment \u00e0 Montreux. Le communiqu\u00e9 souligne une volont\u00e9 persistante de violer les accords s\u00e9curitaires en vigueur. Les FARDC tiennent ainsi l&rsquo;arm\u00e9e rwandaise et ses suppl\u00e9tifs du M23\/AFC pour responsables de la d\u00e9t\u00e9rioration de la situation s\u00e9curitaire dans cette r\u00e9gion de l&rsquo;est du pays. Face \u00e0 cette situation, les FARDC assurent rester pleinement mobilis\u00e9es. Elles r\u00e9affirment leur capacit\u00e9 \u00e0 surveiller, riposter et d\u00e9fendre l&rsquo;int\u00e9grit\u00e9 territoriale nationale, tout en poursuivant leur mission de protection des populations civiles.<\/p>\n","protected":false},"excerpt":{"rendered":"<p>Par LM Les Forces Arm\u00e9es de la R\u00e9publique D\u00e9mocratique du Congo (FARDC) ont annonc\u00e9, dimanche 26 avril, avoir abattu un drone de type UAV appartenant \u00e0 l&rsquo;arm\u00e9e rwandaise. Le drone a \u00e9t\u00e9 abattu le samedi 25 avril dans les hauts plateaux de Minembwe, au point z\u00e9ro, en territoire de Fizi, dans la province du Sud-Kivu. [&hellip;]<\/p>\n","protected":false},"author":1,"featured_media":77345,"comment_status":"closed","ping_status":"closed","sticky":false,"template":"","format":"standard","meta":{"footnotes":""},"categories":[136,134,130,25,10],"tags":[],"class_list":["post-77344","post","type-post","status-publish","format-standard","has-post-thumbnail","hentry","category-a-la-une","category-la-tempete-des-tropiques","category-nation","category-province","category-societe"],"_links":{"self":[{"href":"https:\/\/www.latempete.info\/index.php?rest_route=\/wp\/v2\/posts\/77344"}],"collection":[{"href":"https:\/\/www.latempete.info\/index.php?rest_route=\/wp\/v2\/posts"}],"about":[{"href":"https:\/\/www.latempete.info\/index.php?rest_route=\/wp\/v2\/types\/post"}],"author":[{"embeddable":true,"href":"https:\/\/www.latempete.info\/index.php?rest_route=\/wp\/v2\/users\/1"}],"replies":[{"embeddable":true,"href":"https:\/\/www.latempete.info\/index.php?rest_route=%2Fwp%2Fv2%2Fcomments&post=77344"}],"version-history":[{"count":1,"href":"https:\/\/www.latempete.info\/index.php?rest_route=\/wp\/v2\/posts\/77344\/revisions"}],"predecessor-version":[{"id":77346,"href":"https:\/\/www.latempete.info\/index.php?rest_route=\/wp\/v2\/posts\/77344\/revisions\/77346"}],"wp:featuredmedia":[{"embeddable":true,"href":"https:\/\/www.latempete.info\/index.php?rest_route=\/wp\/v2\/media\/77345"}],"wp:attachment":[{"href":"https:\/\/www.latempete.info\/index.php?rest_route=%2Fwp%2Fv2%2Fmedia&parent=77344"}],"wp:term":[{"taxonomy":"category","embeddable":true,"href":"https:\/\/www.latempete.info\/index.php?rest_route=%2Fwp%2Fv2%2Fcategories&post=77344"},{"taxonomy":"post_tag","embeddable":true,"href":"https:\/\/www.latempete.info\/index.php?rest_route=%2Fwp%2Fv2%2Ftags&post=77344"}],"curies":[{"name":"wp","href":"https:\/\/api.w.org\/{rel}","templated":true}]}}