{"id":77355,"date":"2026-04-28T15:26:54","date_gmt":"2026-04-28T15:26:54","guid":{"rendered":"https:\/\/www.latempete.info\/?p=77355"},"modified":"2026-04-28T15:27:06","modified_gmt":"2026-04-28T15:27:06","slug":"kinshasa-un-violent-incendie-ravage-un-complexe-commercial-a-bandalungwa","status":"publish","type":"post","link":"https:\/\/www.latempete.info\/?p=77355","title":{"rendered":"Kinshasa : Un violent incendie ravage un complexe commercial \u00e0 Bandalungwa"},"content":{"rendered":"\n<p>Des pertes estim\u00e9es \u00e0 plusieurs dizaines de milliers de dollars<\/p>\n\n\n\n<p>Par LM<\/p>\n\n\n\n<p>Un incendie d&rsquo;une rare intensit\u00e9 a ravag\u00e9, dans la nuit du vendredi 24 au samedi 25 avril, un complexe commercial situ\u00e9 dans la commune de Bandalungwa, pr\u00e9cis\u00e9ment \u00e0 l&rsquo;entr\u00e9e dite \u00a0\u00bb Maman Colonel \u00ab\u00a0, non loin du Flat H\u00f4tel Horelise. Selon plusieurs t\u00e9moins, les flammes se sont rapidement propag\u00e9es, consumant en quelques heures plusieurs magasins et boutiques install\u00e9s dans cette zone commerciale tr\u00e8s fr\u00e9quent\u00e9e.<\/p>\n\n\n\n<p>\u00c0 la lumi\u00e8re du jour, le spectacle \u00e9tait celui d&rsquo;un site enti\u00e8rement calcin\u00e9, avec des biens r\u00e9duits en cendres et des structures gravement endommag\u00e9es. D&rsquo;apr\u00e8s les premi\u00e8res estimations fournies par les responsables des commerces touch\u00e9s, les pertes mat\u00e9rielles sont consid\u00e9rables. Un des \u00e9tablissements sinistr\u00e9s \u00e9value ses d\u00e9g\u00e2ts \u00e0 pr\u00e8s de 21 000 dollars am\u00e9ricains, un autre \u00e0 33 000 dollars, tandis qu&rsquo;une boutique voisine chiffre ses pertes \u00e0 environ 9 000 dollars. \u00c0 ces montants s&rsquo;ajoutent de nombreux biens meubles et \u00e9quipements \u00e9lectrom\u00e9nagers d\u00e9truits, notamment des cong\u00e9lateurs, t\u00e9l\u00e9viseurs et climatiseurs.<\/p>\n\n\n\n<p>Malgr\u00e9 l&rsquo;ampleur du sinistre, aucune perte en vies humaines n&rsquo;a \u00e9t\u00e9 enregistr\u00e9e. Les premi\u00e8res conclusions des enqu\u00eates \u00e9voquent un court-circuit \u00e9lectrique survenu en pleine pluie comme origine probable de l&rsquo;incendie. Les conditions m\u00e9t\u00e9orologiques d\u00e9favorables auraient \u00e9galement compliqu\u00e9 toute tentative d&rsquo;intervention rapide des voisins.<\/p>\n","protected":false},"excerpt":{"rendered":"<p>Des pertes estim\u00e9es \u00e0 plusieurs dizaines de milliers de dollars Par LM Un incendie d&rsquo;une rare intensit\u00e9 a ravag\u00e9, dans la nuit du vendredi 24 au samedi 25 avril, un complexe commercial situ\u00e9 dans la commune de Bandalungwa, pr\u00e9cis\u00e9ment \u00e0 l&rsquo;entr\u00e9e dite \u00a0\u00bb Maman Colonel \u00ab\u00a0, non loin du Flat H\u00f4tel Horelise. Selon plusieurs t\u00e9moins, [&hellip;]<\/p>\n","protected":false},"author":1,"featured_media":0,"comment_status":"closed","ping_status":"closed","sticky":false,"template":"","format":"standard","meta":{"footnotes":""},"categories":[134,25,10],"tags":[],"class_list":["post-77355","post","type-post","status-publish","format-standard","hentry","category-la-tempete-des-tropiques","category-province","category-societe"],"_links":{"self":[{"href":"https:\/\/www.latempete.info\/index.php?rest_route=\/wp\/v2\/posts\/77355"}],"collection":[{"href":"https:\/\/www.latempete.info\/index.php?rest_route=\/wp\/v2\/posts"}],"about":[{"href":"https:\/\/www.latempete.info\/index.php?rest_route=\/wp\/v2\/types\/post"}],"author":[{"embeddable":true,"href":"https:\/\/www.latempete.info\/index.php?rest_route=\/wp\/v2\/users\/1"}],"replies":[{"embeddable":true,"href":"https:\/\/www.latempete.info\/index.php?rest_route=%2Fwp%2Fv2%2Fcomments&post=77355"}],"version-history":[{"count":1,"href":"https:\/\/www.latempete.info\/index.php?rest_route=\/wp\/v2\/posts\/77355\/revisions"}],"predecessor-version":[{"id":77356,"href":"https:\/\/www.latempete.info\/index.php?rest_route=\/wp\/v2\/posts\/77355\/revisions\/77356"}],"wp:attachment":[{"href":"https:\/\/www.latempete.info\/index.php?rest_route=%2Fwp%2Fv2%2Fmedia&parent=77355"}],"wp:term":[{"taxonomy":"category","embeddable":true,"href":"https:\/\/www.latempete.info\/index.php?rest_route=%2Fwp%2Fv2%2Fcategories&post=77355"},{"taxonomy":"post_tag","embeddable":true,"href":"https:\/\/www.latempete.info\/index.php?rest_route=%2Fwp%2Fv2%2Ftags&post=77355"}],"curies":[{"name":"wp","href":"https:\/\/api.w.org\/{rel}","templated":true}]}}