{"id":77358,"date":"2026-04-28T18:06:55","date_gmt":"2026-04-28T18:06:55","guid":{"rendered":"https:\/\/www.latempete.info\/?p=77358"},"modified":"2026-04-28T18:07:13","modified_gmt":"2026-04-28T18:07:13","slug":"sur-demande-des-autorites-provinciales-de-kinshasa-les-agents-publics-acceptent-la-surseance-de-leur-assemblee-generale","status":"publish","type":"post","link":"https:\/\/www.latempete.info\/?p=77358","title":{"rendered":"Sur demande des autorit\u00e9s provinciales de Kinshasa : Les agents publics acceptent la surs\u00e9ance de leur assembl\u00e9e g\u00e9n\u00e9rale"},"content":{"rendered":"\n<p>Par Marcel Tshishiku<\/p>\n\n\n\n<p>Les agents publics ont accept\u00e9 de surseoir \u00e0 leur Assembl\u00e9e g\u00e9n\u00e9rale, initialement pr\u00e9vue lundi, pour r\u00e9clamer le paiement des arri\u00e9r\u00e9s de salaire.Cela, sur demande des autorit\u00e9s provinciales adress\u00e9e aux responsables de l&rsquo;intersyndicale urbaine dans un communiqu\u00e9 relay\u00e9 par l&rsquo;Agence Congolaise de presse (ACP). \u00a0\u00bb Les autorit\u00e9s provinciales ont sollicit\u00e9 la surs\u00e9ance de l&rsquo;assembl\u00e9e g\u00e9n\u00e9rale des agents publics qui avait \u00e9t\u00e9 initialement pr\u00e9vue devant l&rsquo;h\u00f4tel de ville de Kinshasa pour ce lundi 27 avril 2026. Ce qui leur avait \u00e9t\u00e9 accord\u00e9 par la structure syndicale et non la suspension de la gr\u00e8ve. <\/p>\n\n\n\n<p>Le ban syndical reste concentr\u00e9 sur la rencontre de ce lundi avec l&rsquo;ex\u00e9cutif provincial aux fins de prendre ensemble toutes les dispositions n\u00e9cessaires pour la paie de l&rsquo;ensemble du personnel urbain \u00ab\u00a0, indique le communiqu\u00e9 de l&rsquo;Intersyndicale de l&rsquo;administration urbaine, sign\u00e9 par son pr\u00e9sident, David D\u00e9lord Luyeye. Selon le document, le pr\u00e9sident de l&rsquo;Intersyndicale Luyeye appelle tous les agents publics urbains au calme et \u00e0 l&rsquo;apaisement en attendant les r\u00e9solutions qui seront prises par les parties concern\u00e9es.<\/p>\n\n\n\n<p>Les pourparlers tenus dimanche 26 avril entre les ministres provinciaux de la Fonction publique et du Budget, J\u00e9sus No\u00ebl Sheke Wa Domene, ainsi que celui des Finances, Magloire Kabemba Okandja, et l&rsquo;intersyndicale conduite par son pr\u00e9sident, David D\u00e9lord Luyeye, constituent \u00a0\u00bb une \u00e9tape traditionnelle de lobbying \u00ab\u00a0.<\/p>\n\n\n\n<p>A en croire la source, ces \u00e9changes visaient \u00e0 pr\u00e9parer la r\u00e9union tripartite d&rsquo;urgence pr\u00e9vue ce lundi 27 avril 2026 dans la salle des r\u00e9unions du minist\u00e8re provincial des Finances, entre le Gouvernement provincial, le ban syndical et la banque payeuse. \u00a0\u00bb Cette rencontre doit permettre de se fixer sur les dispositions n\u00e9cessaires li\u00e9es aux modalit\u00e9s de paiement de l&rsquo;ensemble du personnel urbain. Pour le Gouvernement provincial de Kinshasa, les op\u00e9rations de paie pourraient \u00eatre d\u00e9clench\u00e9es d\u00e8s mardi 28 avril 2026 \u00ab\u00a0, a ajout\u00e9 la m\u00eame source. Le 22 avril, une gr\u00e8ve \u00a0\u00bb s\u00e8che et illimit\u00e9e \u00a0\u00bb des agents et cadres de l&rsquo;administration urbaine publique de Kinshasa, avait \u00e9t\u00e9 d\u00e9clench\u00e9e pour d\u00e9noncer le non-paiement des salaires.<\/p>\n","protected":false},"excerpt":{"rendered":"<p>Par Marcel Tshishiku Les agents publics ont accept\u00e9 de surseoir \u00e0 leur Assembl\u00e9e g\u00e9n\u00e9rale, initialement pr\u00e9vue lundi, pour r\u00e9clamer le paiement des arri\u00e9r\u00e9s de salaire.Cela, sur demande des autorit\u00e9s provinciales adress\u00e9e aux responsables de l&rsquo;intersyndicale urbaine dans un communiqu\u00e9 relay\u00e9 par l&rsquo;Agence Congolaise de presse (ACP). \u00a0\u00bb Les autorit\u00e9s provinciales ont sollicit\u00e9 la surs\u00e9ance de [&hellip;]<\/p>\n","protected":false},"author":1,"featured_media":0,"comment_status":"closed","ping_status":"closed","sticky":false,"template":"","format":"standard","meta":{"footnotes":""},"categories":[134,130,25,10],"tags":[],"class_list":["post-77358","post","type-post","status-publish","format-standard","hentry","category-la-tempete-des-tropiques","category-nation","category-province","category-societe"],"_links":{"self":[{"href":"https:\/\/www.latempete.info\/index.php?rest_route=\/wp\/v2\/posts\/77358"}],"collection":[{"href":"https:\/\/www.latempete.info\/index.php?rest_route=\/wp\/v2\/posts"}],"about":[{"href":"https:\/\/www.latempete.info\/index.php?rest_route=\/wp\/v2\/types\/post"}],"author":[{"embeddable":true,"href":"https:\/\/www.latempete.info\/index.php?rest_route=\/wp\/v2\/users\/1"}],"replies":[{"embeddable":true,"href":"https:\/\/www.latempete.info\/index.php?rest_route=%2Fwp%2Fv2%2Fcomments&post=77358"}],"version-history":[{"count":1,"href":"https:\/\/www.latempete.info\/index.php?rest_route=\/wp\/v2\/posts\/77358\/revisions"}],"predecessor-version":[{"id":77359,"href":"https:\/\/www.latempete.info\/index.php?rest_route=\/wp\/v2\/posts\/77358\/revisions\/77359"}],"wp:attachment":[{"href":"https:\/\/www.latempete.info\/index.php?rest_route=%2Fwp%2Fv2%2Fmedia&parent=77358"}],"wp:term":[{"taxonomy":"category","embeddable":true,"href":"https:\/\/www.latempete.info\/index.php?rest_route=%2Fwp%2Fv2%2Fcategories&post=77358"},{"taxonomy":"post_tag","embeddable":true,"href":"https:\/\/www.latempete.info\/index.php?rest_route=%2Fwp%2Fv2%2Ftags&post=77358"}],"curies":[{"name":"wp","href":"https:\/\/api.w.org\/{rel}","templated":true}]}}