{"id":77360,"date":"2026-04-28T18:40:30","date_gmt":"2026-04-28T18:40:30","guid":{"rendered":"https:\/\/www.latempete.info\/?p=77360"},"modified":"2026-04-28T18:40:33","modified_gmt":"2026-04-28T18:40:33","slug":"equateur-la-societe-civile-denonce-des-violations-des-droits-humains-a-lukolela","status":"publish","type":"post","link":"https:\/\/www.latempete.info\/?p=77360","title":{"rendered":"\u00c9quateur : La soci\u00e9t\u00e9 civile d\u00e9nonce des violations des droits humains \u00e0 Lukolela"},"content":{"rendered":"\n<p>Par LM<\/p>\n\n\n\n<p>Le Panel des experts de la soci\u00e9t\u00e9 civile de l&rsquo;\u00c9quateur (PESOCIVEQ) alerte sur une d\u00e9gradation pr\u00e9occupante de la situation s\u00e9curitaire \u00e0 Lukolela, \u00e0 environ 180 km de Mbandaka. <\/p>\n\n\n\n<p>Dans un communiqu\u00e9 du 24 avril 2026, cette structure accuse des \u00e9l\u00e9ments des FARDC, identifi\u00e9s comme appartenant \u00e0 la Garde r\u00e9publicaine \u00a0\u00bb Bana Mura \u00ab\u00a0, d&rsquo;\u00eatre impliqu\u00e9s dans de graves violations des droits humains contre des civils, notamment des actes de torture et des traitements inhumains. Parmi les cas signal\u00e9s, un jeune gar\u00e7on a \u00e9t\u00e9 violemment battu, subissant de graves blessures et une intervention chirurgicale \u00e0 l&rsquo;h\u00f4pital g\u00e9n\u00e9ral de Lukolela.<\/p>\n\n\n\n<p> Des tirs \u00e0 balles r\u00e9elles contre des civils non arm\u00e9s auraient \u00e9galement fait au moins trois bless\u00e9s graves dans plusieurs localit\u00e9s, dont Mikabe, Molebu et Ngelo. Le PESOCIVEQ d\u00e9nonce aussi la multiplication de barri\u00e8res militaires, sources de tracasseries et de climat de peur au sein de la population qui envisagerait des m\u00e9canismes d&rsquo;autod\u00e9fense.<\/p>\n\n\n\n<p>Face \u00e0 cette situation, la structure condamne ces actes, appelle \u00e0 une intervention urgente des autorit\u00e9s, exige l&rsquo;ouverture d&rsquo;enqu\u00eates ind\u00e9pendantes et alerte sur les risques d&rsquo;escalade de la violence. Elle rappelle enfin que la protection des civils reste une obligation fondamentale de l&rsquo;\u00c9tat.<\/p>\n","protected":false},"excerpt":{"rendered":"<p>Par LM Le Panel des experts de la soci\u00e9t\u00e9 civile de l&rsquo;\u00c9quateur (PESOCIVEQ) alerte sur une d\u00e9gradation pr\u00e9occupante de la situation s\u00e9curitaire \u00e0 Lukolela, \u00e0 environ 180 km de Mbandaka. Dans un communiqu\u00e9 du 24 avril 2026, cette structure accuse des \u00e9l\u00e9ments des FARDC, identifi\u00e9s comme appartenant \u00e0 la Garde r\u00e9publicaine \u00a0\u00bb Bana Mura \u00ab\u00a0, [&hellip;]<\/p>\n","protected":false},"author":1,"featured_media":0,"comment_status":"closed","ping_status":"closed","sticky":false,"template":"","format":"standard","meta":{"footnotes":""},"categories":[134,25,10],"tags":[],"class_list":["post-77360","post","type-post","status-publish","format-standard","hentry","category-la-tempete-des-tropiques","category-province","category-societe"],"_links":{"self":[{"href":"https:\/\/www.latempete.info\/index.php?rest_route=\/wp\/v2\/posts\/77360"}],"collection":[{"href":"https:\/\/www.latempete.info\/index.php?rest_route=\/wp\/v2\/posts"}],"about":[{"href":"https:\/\/www.latempete.info\/index.php?rest_route=\/wp\/v2\/types\/post"}],"author":[{"embeddable":true,"href":"https:\/\/www.latempete.info\/index.php?rest_route=\/wp\/v2\/users\/1"}],"replies":[{"embeddable":true,"href":"https:\/\/www.latempete.info\/index.php?rest_route=%2Fwp%2Fv2%2Fcomments&post=77360"}],"version-history":[{"count":1,"href":"https:\/\/www.latempete.info\/index.php?rest_route=\/wp\/v2\/posts\/77360\/revisions"}],"predecessor-version":[{"id":77361,"href":"https:\/\/www.latempete.info\/index.php?rest_route=\/wp\/v2\/posts\/77360\/revisions\/77361"}],"wp:attachment":[{"href":"https:\/\/www.latempete.info\/index.php?rest_route=%2Fwp%2Fv2%2Fmedia&parent=77360"}],"wp:term":[{"taxonomy":"category","embeddable":true,"href":"https:\/\/www.latempete.info\/index.php?rest_route=%2Fwp%2Fv2%2Fcategories&post=77360"},{"taxonomy":"post_tag","embeddable":true,"href":"https:\/\/www.latempete.info\/index.php?rest_route=%2Fwp%2Fv2%2Ftags&post=77360"}],"curies":[{"name":"wp","href":"https:\/\/api.w.org\/{rel}","templated":true}]}}