{"id":77364,"date":"2026-04-29T15:14:20","date_gmt":"2026-04-29T15:14:20","guid":{"rendered":"https:\/\/www.latempete.info\/?p=77364"},"modified":"2026-04-29T15:14:36","modified_gmt":"2026-04-29T15:14:36","slug":"postes-et-telecommunications-la-securite-et-la-souverainete-de-la-rdc-au-menu-des-etats-generaux","status":"publish","type":"post","link":"https:\/\/www.latempete.info\/?p=77364","title":{"rendered":"Postes et t\u00e9l\u00e9communications : La s\u00e9curit\u00e9 et la souverainet\u00e9 de la RDC au menu des \u00e9tats g\u00e9n\u00e9raux"},"content":{"rendered":"\n<p>Par Carroll MADIYA<\/p>\n\n\n\n<p>Ouverts lundi au Centre culturel de Kinshasa autour du th\u00e8me \u00ab Postes et t\u00e9l\u00e9communications vecteurs de la croissance \u00e9conomique et du d\u00e9veloppement\u00bb, les travaux des \u00e9tats g\u00e9n\u00e9raux du secteur des Postes et T\u00e9l\u00e9communications se cl\u00f4turent ce mercredi 29 avril 2026.<\/p>\n\n\n\n<p>Pendant trois jours, les experts du secteur ont eu \u00e0 r\u00e9fl\u00e9chir sur l\u2019\u00e9laboration d\u2019une feuille de route strat\u00e9gique nationale, \u00e0 court, moyen et long terme visant notamment la connectivit\u00e9 des 145 territoires, la r\u00e9duction des fractures num\u00e9riques, ainsi que le soutien \u00e0 la r\u00e9forme l\u00e9gale et \u00e0 une r\u00e9gulation approfondie du secteur.<\/p>\n\n\n\n<p>Pr\u00e9sent \u00e0 l\u2019ouverture de ces assises, le Chef de l\u2019Etat , F\u00e9lix-Antoine Tshisekedi Tshilombo a soulign\u00e9 les grands enjeux strat\u00e9giques du secteur des Postes et T\u00e9l\u00e9communications dans un monde en mutation acc\u00e9l\u00e9r\u00e9e, o\u00f9 aucun pays ne peut pr\u00e9tendre \u00e0 la croissance, \u00e0 la comp\u00e9titivit\u00e9 ni \u00e0 la souverainet\u00e9 en restant en marge des grands flux num\u00e9riques, logistiques et informationnels.<\/p>\n\n\n\n<p>F\u00e9lix Tshisekedi a particuli\u00e8rement insist\u00e9 sur l\u2019enjeu de s\u00e9curit\u00e9 et de souverainet\u00e9 des Postes et T\u00e9l\u00e9communications pour notre pays.<br>\u00ab \u00c0 l\u2019heure des cybermenaces croissantes, de la protection des donn\u00e9es, de la d\u00e9pendance technologique et des nouvelles vuln\u00e9rabilit\u00e9s strat\u00e9giques, aucun \u00c9tat s\u00e9rieux ne peut n\u00e9gliger l\u2019architecture de ses communications, la ma\u00eetrise de ses r\u00e9seaux et la s\u00e9curisation de ses infrastructures critiques \u00bb, a notamment soulign\u00e9 le Chef de l\u2019Etat dans son discours solennel.<\/p>\n\n\n\n<p>Selon lui, ces \u00e9tats g\u00e9n\u00e9raux devraient r\u00e9pondre \u00e0 trois attentes claires: d\u2019abord, un diagnostic complet, lucide et sans complaisance de l\u2019\u00e9cosyst\u00e8me postal et t\u00e9l\u00e9com ; ensuite, une feuille de route op\u00e9rationnelle, r\u00e9aliste et mesurable, distinguant les priorit\u00e9s de court, moyen et long terme ; enfin, la mise en place d\u2019un cadre permanent de concertation, de coordination et de r\u00e9gulation, capable d\u2019assurer la coh\u00e9rence des r\u00e9formes et le suivi des engagements.<\/p>\n\n\n\n<p>Pour F\u00e9lix Tshisekedi, moderniser les Postes et les T\u00e9l\u00e9communications, ce n\u2019est pas seulement r\u00e9former un secteur : \u00ab\u00a0c\u2019est pr\u00e9parer la croissance, \u00e9largir les opportunit\u00e9s, renforcer la souverainet\u00e9, mieux int\u00e9grer la Nation, donner \u00e0 la RDC les moyens d\u2019\u00eatre pleinement actrice de son si\u00e8cle\u00bb.<\/p>\n\n\n\n<p>Relancer et moderniser la Poste en RDC<\/p>\n\n\n\n<p>Au cours de ces \u00e9tats g\u00e9n\u00e9raux, une attention particuli\u00e8re \u00e0 \u00e9t\u00e9 port\u00e9e sur une dimension souvent n\u00e9glig\u00e9e, \u00e0 savoir: la Poste.<\/p>\n\n\n\n<p>\u00c0 ce sujet, le Chef de l\u2019Etat congolais croit fermement que \u00ab La Poste ne doit pas \u00eatre laiss\u00e9e au bord du chemin. Elle ne doit pas \u00eatre regard\u00e9e comme un vestige du pass\u00e9. Elle doit \u00eatre pens\u00e9e comme un outil moderne d\u2019int\u00e9gration territoriale, de proximit\u00e9 administrative, de logistique, de services financiers et de coh\u00e9sion sociale \u00bb.<\/p>\n\n\n\n<p>Son constat est amer: le r\u00e9seau postal national, autrefois structur\u00e9, est aujourd\u2019hui largement d\u00e9grad\u00e9, avec un nombre tr\u00e8s limit\u00e9 de bureaux r\u00e9ellement fonctionnels, tr\u00e8s en de\u00e7\u00e0 des besoins du pays. C\u2019est pourquoi la relance et la modernisation de la Poste ont constitu\u00e9 le chantier important de ces assises.<\/p>\n\n\n\n<p>Loin d\u2019\u00eatre un forum de plus ni un espace de lamentation sectorielle, les \u00e9tats g\u00e9n\u00e9raux ouverts \u00e0 Kinshasa se voulaient un espace de v\u00e9rit\u00e9s, de m\u00e9thodes et de d\u00e9cisions.<\/p>\n\n\n\n<p>Mettre un terme \u00e0 l\u2019utilisation ill\u00e9gale des fr\u00e9quences congolaises par le Rwanda<\/p>\n\n\n\n<p>Il sied de noter que ces etats g\u00e9n\u00e9raux sont intervenus deux mois apr\u00e8s que la Premi\u00e8re ministre, Judith Suminwa Tuluka, ait instruit une prise en charge technique du dossier relatif \u00e0 l\u2019utilisation ill\u00e9gale des fr\u00e9quences congolaises par la soci\u00e9t\u00e9 rwandaise de t\u00e9l\u00e9communications MTN.<\/p>\n\n\n\n<p>Cette d\u00e9cision faisait suite \u00e0 une audience accord\u00e9e au ministre des Postes, T\u00e9l\u00e9communications et Num\u00e9rique, Jos\u00e9 Mpanda Kabangu, accompagn\u00e9 du pr\u00e9sident de l\u2019Autorit\u00e9 de r\u00e9gulation des Postes et T\u00e9l\u00e9communications du Congo (ARPTC) ainsi que des responsables des principaux op\u00e9rateurs de t\u00e9l\u00e9phonie mobile en RDC, notamment Airtel, Orange et Vodacom.<\/p>\n\n\n\n<p>Valid\u00e9s lors d\u2019un Conseil de ministres tenue le 24 octobre 2025, ces \u00e9tats g\u00e9n\u00e9raux avaient pour objet de pour mettre en \u0153uvre l\u2019un des six engagements prioritaires du Chef de l\u2019\u00c9tat qui vise la transformation num\u00e9rique, le d\u00e9veloppement du capital humain et la r\u00e9duction des in\u00e9galit\u00e9s territoriales.<\/p>\n","protected":false},"excerpt":{"rendered":"<p>Par Carroll MADIYA Ouverts lundi au Centre culturel de Kinshasa autour du th\u00e8me \u00ab Postes et t\u00e9l\u00e9communications vecteurs de la croissance \u00e9conomique et du d\u00e9veloppement\u00bb, les travaux des \u00e9tats g\u00e9n\u00e9raux du secteur des Postes et T\u00e9l\u00e9communications se cl\u00f4turent ce mercredi 29 avril 2026. Pendant trois jours, les experts du secteur ont eu \u00e0 r\u00e9fl\u00e9chir sur [&hellip;]<\/p>\n","protected":false},"author":1,"featured_media":77365,"comment_status":"closed","ping_status":"closed","sticky":false,"template":"","format":"standard","meta":{"footnotes":""},"categories":[136,134,10],"tags":[],"class_list":["post-77364","post","type-post","status-publish","format-standard","has-post-thumbnail","hentry","category-a-la-une","category-la-tempete-des-tropiques","category-societe"],"_links":{"self":[{"href":"https:\/\/www.latempete.info\/index.php?rest_route=\/wp\/v2\/posts\/77364"}],"collection":[{"href":"https:\/\/www.latempete.info\/index.php?rest_route=\/wp\/v2\/posts"}],"about":[{"href":"https:\/\/www.latempete.info\/index.php?rest_route=\/wp\/v2\/types\/post"}],"author":[{"embeddable":true,"href":"https:\/\/www.latempete.info\/index.php?rest_route=\/wp\/v2\/users\/1"}],"replies":[{"embeddable":true,"href":"https:\/\/www.latempete.info\/index.php?rest_route=%2Fwp%2Fv2%2Fcomments&post=77364"}],"version-history":[{"count":1,"href":"https:\/\/www.latempete.info\/index.php?rest_route=\/wp\/v2\/posts\/77364\/revisions"}],"predecessor-version":[{"id":77366,"href":"https:\/\/www.latempete.info\/index.php?rest_route=\/wp\/v2\/posts\/77364\/revisions\/77366"}],"wp:featuredmedia":[{"embeddable":true,"href":"https:\/\/www.latempete.info\/index.php?rest_route=\/wp\/v2\/media\/77365"}],"wp:attachment":[{"href":"https:\/\/www.latempete.info\/index.php?rest_route=%2Fwp%2Fv2%2Fmedia&parent=77364"}],"wp:term":[{"taxonomy":"category","embeddable":true,"href":"https:\/\/www.latempete.info\/index.php?rest_route=%2Fwp%2Fv2%2Fcategories&post=77364"},{"taxonomy":"post_tag","embeddable":true,"href":"https:\/\/www.latempete.info\/index.php?rest_route=%2Fwp%2Fv2%2Ftags&post=77364"}],"curies":[{"name":"wp","href":"https:\/\/api.w.org\/{rel}","templated":true}]}}